{"id":46048,"date":"2026-01-02T19:52:53","date_gmt":"2026-01-02T22:52:53","guid":{"rendered":"https:\/\/radiostudiow.com.br\/site\/?p=46048"},"modified":"2026-01-02T19:52:54","modified_gmt":"2026-01-02T22:52:54","slug":"prf-apreende-mais-de-210-kg-de-maconha-em-caminhonete-na-br-373-em-imbituva","status":"publish","type":"post","link":"https:\/\/radiostudiow.com.br\/site\/2026\/01\/02\/prf-apreende-mais-de-210-kg-de-maconha-em-caminhonete-na-br-373-em-imbituva\/","title":{"rendered":"PRF apreende mais de 210 kg de maconha em caminhonete na BR-373, em Imbituva"},"content":{"rendered":"\n<figure class=\"wp-block-image size-full is-resized\"><img loading=\"lazy\" decoding=\"async\" width=\"1024\" height=\"591\" src=\"https:\/\/radiostudiow.com.br\/site\/wp-content\/uploads\/2025\/09\/CASA-DO-CRIADOR.png\" alt=\"\" class=\"wp-image-42859\" style=\"aspect-ratio:1.7327040573665533;width:409px;height:auto\" srcset=\"https:\/\/radiostudiow.com.br\/site\/wp-content\/uploads\/2025\/09\/CASA-DO-CRIADOR.png 1024w, https:\/\/radiostudiow.com.br\/site\/wp-content\/uploads\/2025\/09\/CASA-DO-CRIADOR-300x173.png 300w, https:\/\/radiostudiow.com.br\/site\/wp-content\/uploads\/2025\/09\/CASA-DO-CRIADOR-768x443.png 768w\" sizes=\"auto, (max-width: 1024px) 100vw, 1024px\" \/><\/figure>\n\n\n\n<p>Droga era transportada em uma Chevrolet Montana e teria como destino final a cidade de Irati; condutor de 25 anos foi preso em flagrante.<\/p>\n\n\n\n<p>A Pol\u00edcia Rodovi\u00e1ria Federal (PRF) realizou, no in\u00edcio da tarde desta sexta-feira (02\/01), uma grande apreens\u00e3o de entorpecentes no munic\u00edpio de Imbituva, nos Campos Gerais do Paran\u00e1. A a\u00e7\u00e3o ocorreu por volta das 13h00, durante fiscaliza\u00e7\u00e3o no km 235 da BR-373, no Trevo do Mato Branco, no interior do munic\u00edpio.<\/p>\n\n\n\n<p>Durante a abordagem a uma caminhonete Chevrolet Montana, de cor branca, os policiais constataram que o condutor, um homem de 25 anos, transportava diversos fardos de maconha na ca\u00e7amba do ve\u00edculo. Conforme informa\u00e7\u00f5es preliminares, a droga teria sido carregada na regi\u00e3o de fronteira e teria como destino final a cidade de Irati\/PR.<\/p>\n\n\n\n<figure class=\"wp-block-gallery has-nested-images columns-default is-cropped wp-block-gallery-1 is-layout-flex wp-block-gallery-is-layout-flex\">\n<figure class=\"wp-block-image size-large\"><img loading=\"lazy\" decoding=\"async\" width=\"300\" height=\"180\" data-id=\"38684\" src=\"https:\/\/radiostudiow.com.br\/site\/wp-content\/uploads\/2025\/05\/SITE-PEQUENO.jpg\" alt=\"\" class=\"wp-image-38684\"\/><\/figure>\n\n\n\n<figure class=\"wp-block-image size-large\"><img loading=\"lazy\" decoding=\"async\" width=\"300\" height=\"180\" data-id=\"38014\" src=\"https:\/\/radiostudiow.com.br\/site\/wp-content\/uploads\/2025\/05\/VANE.png\" alt=\"\" class=\"wp-image-38014\"\/><\/figure>\n\n\n\n<figure class=\"wp-block-image size-large\"><img loading=\"lazy\" decoding=\"async\" width=\"300\" height=\"180\" data-id=\"41962\" src=\"https:\/\/radiostudiow.com.br\/site\/wp-content\/uploads\/2025\/08\/LILO.png\" alt=\"\" class=\"wp-image-41962\"\/><\/figure>\n<\/figure>\n\n\n\n<p>Ap\u00f3s a pesagem, foram contabilizados 210,20 quilos de maconha. Al\u00e9m do entorpecente, a PRF tamb\u00e9m apreendeu o ve\u00edculo, que era locado, e um aparelho celular da marca iPhone.<\/p>\n\n\n\n<p>Diante dos fatos, o motorista recebeu voz de pris\u00e3o em flagrante pelo crime de tr\u00e1fico de drogas e foi encaminhado, juntamente com a droga e o ve\u00edculo, \u00e0 Delegacia de Pol\u00edcia Civil de Irati, onde foram adotadas as provid\u00eancias cab\u00edveis.<\/p>\n\n\n\n<p class=\"has-text-align-center\">Informa\u00e7\u00f5es e v\u00eddeo: PRF \/ Mat\u00e9ria: Rep\u00f3rter Kiko de Oliveira<\/p>\n\n\n\n<figure class=\"wp-block-video\"><video height=\"474\" style=\"aspect-ratio: 848 \/ 474;\" width=\"848\" controls src=\"https:\/\/radiostudiow.com.br\/site\/wp-content\/uploads\/2026\/01\/FDownloader.Net_AQPAKE4-CahX8yYhSNkt07p7qQBWVOyZmP6jGArXYHl0jgNHPcu5PSyw0HtebTSW878VGY4cpZIwLnaB_5YUQJag6hYlVh4cYOJmu7tem-KzhQ_720p_HD.mp4\"><\/video><\/figure>\n","protected":false},"excerpt":{"rendered":"<p>Droga era transportada em uma Chevrolet Montana e teria como destino final a cidade de Irati; condutor de 25 anos foi preso em flagrante. A Pol\u00edcia Rodovi\u00e1ria Federal (PRF) realizou, no in\u00edcio da tarde desta sexta-feira (02\/01), uma grande apreens\u00e3o de entorpecentes no munic\u00edpio de Imbituva, nos Campos Gerais do Paran\u00e1. A a\u00e7\u00e3o ocorreu por [&hellip;]<\/p>\n","protected":false},"author":2,"featured_media":46051,"comment_status":"open","ping_status":"open","sticky":false,"template":"","format":"video","meta":{"footnotes":""},"categories":[2],"tags":[172],"class_list":["post-46048","post","type-post","status-publish","format-video","has-post-thumbnail","hentry","category-policial","tag-featured","post_format-post-format-video"],"amp_enabled":true,"_links":{"self":[{"href":"https:\/\/radiostudiow.com.br\/site\/wp-json\/wp\/v2\/posts\/46048","targetHints":{"allow":["GET"]}}],"collection":[{"href":"https:\/\/radiostudiow.com.br\/site\/wp-json\/wp\/v2\/posts"}],"about":[{"href":"https:\/\/radiostudiow.com.br\/site\/wp-json\/wp\/v2\/types\/post"}],"author":[{"embeddable":true,"href":"https:\/\/radiostudiow.com.br\/site\/wp-json\/wp\/v2\/users\/2"}],"replies":[{"embeddable":true,"href":"https:\/\/radiostudiow.com.br\/site\/wp-json\/wp\/v2\/comments?post=46048"}],"version-history":[{"count":2,"href":"https:\/\/radiostudiow.com.br\/site\/wp-json\/wp\/v2\/posts\/46048\/revisions"}],"predecessor-version":[{"id":46052,"href":"https:\/\/radiostudiow.com.br\/site\/wp-json\/wp\/v2\/posts\/46048\/revisions\/46052"}],"wp:featuredmedia":[{"embeddable":true,"href":"https:\/\/radiostudiow.com.br\/site\/wp-json\/wp\/v2\/media\/46051"}],"wp:attachment":[{"href":"https:\/\/radiostudiow.com.br\/site\/wp-json\/wp\/v2\/media?parent=46048"}],"wp:term":[{"taxonomy":"category","embeddable":true,"href":"https:\/\/radiostudiow.com.br\/site\/wp-json\/wp\/v2\/categories?post=46048"},{"taxonomy":"post_tag","embeddable":true,"href":"https:\/\/radiostudiow.com.br\/site\/wp-json\/wp\/v2\/tags?post=46048"}],"curies":[{"name":"wp","href":"https:\/\/api.w.org\/{rel}","templated":true}]}}