{"id":46063,"date":"2026-01-03T09:20:15","date_gmt":"2026-01-03T12:20:15","guid":{"rendered":"https:\/\/radiostudiow.com.br\/site\/?p=46063"},"modified":"2026-01-03T09:20:15","modified_gmt":"2026-01-03T12:20:15","slug":"policia-militar-prende-homem-com-mandado-de-prisao-em-sao-mateus-do-sul-2","status":"publish","type":"post","link":"https:\/\/radiostudiow.com.br\/site\/2026\/01\/03\/policia-militar-prende-homem-com-mandado-de-prisao-em-sao-mateus-do-sul-2\/","title":{"rendered":"Pol\u00edcia Militar prende homem com mandado de pris\u00e3o em S\u00e3o Mateus do Sul"},"content":{"rendered":"\n<figure class=\"wp-block-image size-full\"><img loading=\"lazy\" decoding=\"async\" width=\"897\" height=\"204\" src=\"https:\/\/radiostudiow.com.br\/site\/wp-content\/uploads\/2025\/02\/SITE-GRANDE7.png\" alt=\"\" class=\"wp-image-33861\" srcset=\"https:\/\/radiostudiow.com.br\/site\/wp-content\/uploads\/2025\/02\/SITE-GRANDE7.png 897w, https:\/\/radiostudiow.com.br\/site\/wp-content\/uploads\/2025\/02\/SITE-GRANDE7-300x68.png 300w, https:\/\/radiostudiow.com.br\/site\/wp-content\/uploads\/2025\/02\/SITE-GRANDE7-768x175.png 768w\" sizes=\"auto, (max-width: 897px) 100vw, 897px\" \/><\/figure>\n\n\n\n<p>A equipe ROTAM, da Pol\u00edcia Militar de S\u00e3o Mateus do Sul ap\u00f3s receber den\u00fancias de que um homem que possu\u00ed mandado de pris\u00e3o em aberto, estaria na localidade de Dois Irm\u00e3os por volta das 17h30min dessa sexta-feira (02).<\/p>\n\n\n\n<p>Os policiais realizam dilig\u00eancias no endere\u00e7o informado, sendo visualizado um indiv\u00edduo em frente \u00e0 resid\u00eancia. Foi realizada abordagem e lhe informado sobre o mandado de pris\u00e3o.<\/p>\n\n\n\n<p>Na sequ\u00eancia, o indiv\u00edduo foi conduzido e apresentado \u00e0 autoridade policial competente para os procedimentos legais cab\u00edveis.<\/p>\n\n\n\n<figure class=\"wp-block-image size-full\"><img loading=\"lazy\" decoding=\"async\" width=\"598\" height=\"204\" src=\"https:\/\/radiostudiow.com.br\/site\/wp-content\/uploads\/2024\/01\/SITE-MEDIO.png\" alt=\"\" class=\"wp-image-18916\" srcset=\"https:\/\/radiostudiow.com.br\/site\/wp-content\/uploads\/2024\/01\/SITE-MEDIO.png 598w, https:\/\/radiostudiow.com.br\/site\/wp-content\/uploads\/2024\/01\/SITE-MEDIO-300x102.png 300w\" sizes=\"auto, (max-width: 598px) 100vw, 598px\" \/><\/figure>\n","protected":false},"excerpt":{"rendered":"<p>A equipe ROTAM, da Pol\u00edcia Militar de S\u00e3o Mateus do Sul ap\u00f3s receber den\u00fancias de que um homem que possu\u00ed mandado de pris\u00e3o em aberto, estaria na localidade de Dois Irm\u00e3os por volta das 17h30min dessa sexta-feira (02). Os policiais realizam dilig\u00eancias no endere\u00e7o informado, sendo visualizado um indiv\u00edduo em frente \u00e0 resid\u00eancia. Foi realizada [&hellip;]<\/p>\n","protected":false},"author":2,"featured_media":30688,"comment_status":"open","ping_status":"open","sticky":false,"template":"","format":"standard","meta":{"footnotes":""},"categories":[2],"tags":[172],"class_list":["post-46063","post","type-post","status-publish","format-standard","has-post-thumbnail","hentry","category-policial","tag-featured"],"amp_enabled":true,"_links":{"self":[{"href":"https:\/\/radiostudiow.com.br\/site\/wp-json\/wp\/v2\/posts\/46063","targetHints":{"allow":["GET"]}}],"collection":[{"href":"https:\/\/radiostudiow.com.br\/site\/wp-json\/wp\/v2\/posts"}],"about":[{"href":"https:\/\/radiostudiow.com.br\/site\/wp-json\/wp\/v2\/types\/post"}],"author":[{"embeddable":true,"href":"https:\/\/radiostudiow.com.br\/site\/wp-json\/wp\/v2\/users\/2"}],"replies":[{"embeddable":true,"href":"https:\/\/radiostudiow.com.br\/site\/wp-json\/wp\/v2\/comments?post=46063"}],"version-history":[{"count":2,"href":"https:\/\/radiostudiow.com.br\/site\/wp-json\/wp\/v2\/posts\/46063\/revisions"}],"predecessor-version":[{"id":46065,"href":"https:\/\/radiostudiow.com.br\/site\/wp-json\/wp\/v2\/posts\/46063\/revisions\/46065"}],"wp:featuredmedia":[{"embeddable":true,"href":"https:\/\/radiostudiow.com.br\/site\/wp-json\/wp\/v2\/media\/30688"}],"wp:attachment":[{"href":"https:\/\/radiostudiow.com.br\/site\/wp-json\/wp\/v2\/media?parent=46063"}],"wp:term":[{"taxonomy":"category","embeddable":true,"href":"https:\/\/radiostudiow.com.br\/site\/wp-json\/wp\/v2\/categories?post=46063"},{"taxonomy":"post_tag","embeddable":true,"href":"https:\/\/radiostudiow.com.br\/site\/wp-json\/wp\/v2\/tags?post=46063"}],"curies":[{"name":"wp","href":"https:\/\/api.w.org\/{rel}","templated":true}]}}