{"id":46075,"date":"2026-01-03T11:09:15","date_gmt":"2026-01-03T14:09:15","guid":{"rendered":"https:\/\/radiostudiow.com.br\/site\/?p=46075"},"modified":"2026-01-03T11:09:15","modified_gmt":"2026-01-03T14:09:15","slug":"policia-militar-registra-ocorrencias-de-furto-e-desentendimento-em-rio-azul","status":"publish","type":"post","link":"https:\/\/radiostudiow.com.br\/site\/2026\/01\/03\/policia-militar-registra-ocorrencias-de-furto-e-desentendimento-em-rio-azul\/","title":{"rendered":"Pol\u00edcia Militar registra ocorr\u00eancias de furto e desentendimento em Rio Azul"},"content":{"rendered":"\n<figure class=\"wp-block-image size-full\"><img loading=\"lazy\" decoding=\"async\" width=\"598\" height=\"204\" src=\"https:\/\/radiostudiow.com.br\/site\/wp-content\/uploads\/2025\/04\/BOROX.png\" alt=\"\" class=\"wp-image-37229\" srcset=\"https:\/\/radiostudiow.com.br\/site\/wp-content\/uploads\/2025\/04\/BOROX.png 598w, https:\/\/radiostudiow.com.br\/site\/wp-content\/uploads\/2025\/04\/BOROX-300x102.png 300w\" sizes=\"auto, (max-width: 598px) 100vw, 598px\" \/><\/figure>\n\n\n\n<p>A Pol\u00edcia Militar de Rio Azul, por meio da 8\u00aa Companhia \u2013 2\u00ba Pelot\u00e3o, atendeu, nesta sexta-feira, 2 de janeiro, diferentes ocorr\u00eancias registradas no munic\u00edpio, envolvendo furto e desentendimento entre ex-companheiros.<\/p>\n\n\n\n<p>A primeira ocorr\u00eancia foi registrada por volta das 14h40, na \u00e1rea central da cidade. No local, a solicitante relatou que um homem entrou no estabelecimento comercial onde ela trabalha e furtou pares de meias, escondendo os objetos sob a camiseta antes de fugir em rumo ignorado. A equipe policial realizou patrulhamento e buscas nas imedia\u00e7\u00f5es, por\u00e9m o autor n\u00e3o foi localizado.<\/p>\n\n\n\n<figure class=\"wp-block-gallery has-nested-images columns-default is-cropped wp-block-gallery-1 is-layout-flex wp-block-gallery-is-layout-flex\">\n<figure class=\"wp-block-image size-large\"><img loading=\"lazy\" decoding=\"async\" width=\"300\" height=\"180\" data-id=\"38684\" src=\"https:\/\/radiostudiow.com.br\/site\/wp-content\/uploads\/2025\/05\/SITE-PEQUENO.jpg\" alt=\"\" class=\"wp-image-38684\"\/><\/figure>\n\n\n\n<figure class=\"wp-block-image size-large\"><img loading=\"lazy\" decoding=\"async\" width=\"300\" height=\"180\" data-id=\"41962\" src=\"https:\/\/radiostudiow.com.br\/site\/wp-content\/uploads\/2025\/08\/LILO.png\" alt=\"\" class=\"wp-image-41962\"\/><\/figure>\n<\/figure>\n\n\n\n<p>J\u00e1 por volta das 20h, a Pol\u00edcia Militar foi acionada para atender uma situa\u00e7\u00e3o no bairro Vila Feliz. Conforme relato da solicitante, ela teria se envolvido em um desentendimento por meio de mensagens com o ex-namorado, motivado por diverg\u00eancias quanto \u00e0 posse de bens adquiridos em conjunto durante o relacionamento.<\/p>\n\n\n\n<p>No local, a equipe policial orientou a solicitante quanto \u00e0s medidas cab\u00edveis, n\u00e3o sendo constatada, naquele momento, a necessidade de outras provid\u00eancias.<\/p>\n\n\n\n<p>As ocorr\u00eancias foram registradas em boletim e seguem \u00e0 disposi\u00e7\u00e3o das autoridades competentes para eventuais encaminhamentos.<\/p>\n","protected":false},"excerpt":{"rendered":"<p>A Pol\u00edcia Militar de Rio Azul, por meio da 8\u00aa Companhia \u2013 2\u00ba Pelot\u00e3o, atendeu, nesta sexta-feira, 2 de janeiro, diferentes ocorr\u00eancias registradas no munic\u00edpio, envolvendo furto e desentendimento entre ex-companheiros. A primeira ocorr\u00eancia foi registrada por volta das 14h40, na \u00e1rea central da cidade. No local, a solicitante relatou que um homem entrou no [&hellip;]<\/p>\n","protected":false},"author":2,"featured_media":45866,"comment_status":"open","ping_status":"open","sticky":false,"template":"","format":"standard","meta":{"footnotes":""},"categories":[2],"tags":[172],"class_list":["post-46075","post","type-post","status-publish","format-standard","has-post-thumbnail","hentry","category-policial","tag-featured"],"amp_enabled":true,"_links":{"self":[{"href":"https:\/\/radiostudiow.com.br\/site\/wp-json\/wp\/v2\/posts\/46075","targetHints":{"allow":["GET"]}}],"collection":[{"href":"https:\/\/radiostudiow.com.br\/site\/wp-json\/wp\/v2\/posts"}],"about":[{"href":"https:\/\/radiostudiow.com.br\/site\/wp-json\/wp\/v2\/types\/post"}],"author":[{"embeddable":true,"href":"https:\/\/radiostudiow.com.br\/site\/wp-json\/wp\/v2\/users\/2"}],"replies":[{"embeddable":true,"href":"https:\/\/radiostudiow.com.br\/site\/wp-json\/wp\/v2\/comments?post=46075"}],"version-history":[{"count":1,"href":"https:\/\/radiostudiow.com.br\/site\/wp-json\/wp\/v2\/posts\/46075\/revisions"}],"predecessor-version":[{"id":46076,"href":"https:\/\/radiostudiow.com.br\/site\/wp-json\/wp\/v2\/posts\/46075\/revisions\/46076"}],"wp:featuredmedia":[{"embeddable":true,"href":"https:\/\/radiostudiow.com.br\/site\/wp-json\/wp\/v2\/media\/45866"}],"wp:attachment":[{"href":"https:\/\/radiostudiow.com.br\/site\/wp-json\/wp\/v2\/media?parent=46075"}],"wp:term":[{"taxonomy":"category","embeddable":true,"href":"https:\/\/radiostudiow.com.br\/site\/wp-json\/wp\/v2\/categories?post=46075"},{"taxonomy":"post_tag","embeddable":true,"href":"https:\/\/radiostudiow.com.br\/site\/wp-json\/wp\/v2\/tags?post=46075"}],"curies":[{"name":"wp","href":"https:\/\/api.w.org\/{rel}","templated":true}]}}