{"id":46077,"date":"2026-01-03T11:11:03","date_gmt":"2026-01-03T14:11:03","guid":{"rendered":"https:\/\/radiostudiow.com.br\/site\/?p=46077"},"modified":"2026-01-03T11:11:04","modified_gmt":"2026-01-03T14:11:04","slug":"policia-militar-registra-caso-de-lesao-corporal-no-ambito-da-violencia-domestica-em-rio-azul","status":"publish","type":"post","link":"https:\/\/radiostudiow.com.br\/site\/2026\/01\/03\/policia-militar-registra-caso-de-lesao-corporal-no-ambito-da-violencia-domestica-em-rio-azul\/","title":{"rendered":"Pol\u00edcia Militar registra caso de les\u00e3o corporal no \u00e2mbito da viol\u00eancia dom\u00e9stica em Rio Azul"},"content":{"rendered":"\n<figure class=\"wp-block-image size-full is-resized\"><img loading=\"lazy\" decoding=\"async\" width=\"494\" height=\"285\" src=\"https:\/\/radiostudiow.com.br\/site\/wp-content\/uploads\/2025\/11\/sobanski-arte.jpg\" alt=\"\" class=\"wp-image-44763\" style=\"aspect-ratio:1.7334685820813687;width:431px;height:auto\" srcset=\"https:\/\/radiostudiow.com.br\/site\/wp-content\/uploads\/2025\/11\/sobanski-arte.jpg 494w, https:\/\/radiostudiow.com.br\/site\/wp-content\/uploads\/2025\/11\/sobanski-arte-300x173.jpg 300w\" sizes=\"auto, (max-width: 494px) 100vw, 494px\" \/><\/figure>\n\n\n\n<p>A Pol\u00edcia Militar de Rio Azul, por meio da 8\u00aa Companhia \u2013 2\u00ba Pelot\u00e3o, atendeu, na noite desta sexta-feira, 2 de janeiro, por volta das 20h30, uma ocorr\u00eancia de les\u00e3o corporal no contexto de viol\u00eancia dom\u00e9stica.<\/p>\n\n\n\n<p>De acordo com o registro policial, uma mulher compareceu ao destacamento da Pol\u00edcia Militar relatando que, ap\u00f3s um desentendimento familiar com a m\u00e3e, acabou sendo agredida pelo pr\u00f3prio irm\u00e3o, que teria desferido chutes e socos contra a v\u00edtima.<\/p>\n\n\n\n<figure class=\"wp-block-gallery has-nested-images columns-default is-cropped wp-block-gallery-1 is-layout-flex wp-block-gallery-is-layout-flex\">\n<figure class=\"wp-block-image size-large\"><img loading=\"lazy\" decoding=\"async\" width=\"300\" height=\"180\" data-id=\"39582\" src=\"https:\/\/radiostudiow.com.br\/site\/wp-content\/uploads\/2025\/06\/PLAY-HALL.png\" alt=\"\" class=\"wp-image-39582\"\/><\/figure>\n\n\n\n<figure class=\"wp-block-image size-large\"><img loading=\"lazy\" decoding=\"async\" width=\"300\" height=\"180\" data-id=\"37219\" src=\"https:\/\/radiostudiow.com.br\/site\/wp-content\/uploads\/2025\/04\/AGRODU.png\" alt=\"\" class=\"wp-image-37219\"\/><\/figure>\n<\/figure>\n\n\n\n<p>Ap\u00f3s as agress\u00f5es, o autor evadiu-se da resid\u00eancia antes da chegada da equipe policial. De imediato, os policiais realizaram patrulhamento nas imedia\u00e7\u00f5es da resid\u00eancia da v\u00edtima, por\u00e9m n\u00e3o lograram \u00eaxito em localizar o agressor.<\/p>\n\n\n\n<p>A v\u00edtima foi orientada quanto aos procedimentos legais cab\u00edveis, e o caso foi registrado em boletim de ocorr\u00eancia, ficando \u00e0 disposi\u00e7\u00e3o das autoridades competentes para as provid\u00eancias necess\u00e1rias.<\/p>\n","protected":false},"excerpt":{"rendered":"<p>A Pol\u00edcia Militar de Rio Azul, por meio da 8\u00aa Companhia \u2013 2\u00ba Pelot\u00e3o, atendeu, na noite desta sexta-feira, 2 de janeiro, por volta das 20h30, uma ocorr\u00eancia de les\u00e3o corporal no contexto de viol\u00eancia dom\u00e9stica. De acordo com o registro policial, uma mulher compareceu ao destacamento da Pol\u00edcia Militar relatando que, ap\u00f3s um desentendimento [&hellip;]<\/p>\n","protected":false},"author":2,"featured_media":35305,"comment_status":"open","ping_status":"open","sticky":false,"template":"","format":"standard","meta":{"footnotes":""},"categories":[2],"tags":[172],"class_list":["post-46077","post","type-post","status-publish","format-standard","has-post-thumbnail","hentry","category-policial","tag-featured"],"amp_enabled":true,"_links":{"self":[{"href":"https:\/\/radiostudiow.com.br\/site\/wp-json\/wp\/v2\/posts\/46077","targetHints":{"allow":["GET"]}}],"collection":[{"href":"https:\/\/radiostudiow.com.br\/site\/wp-json\/wp\/v2\/posts"}],"about":[{"href":"https:\/\/radiostudiow.com.br\/site\/wp-json\/wp\/v2\/types\/post"}],"author":[{"embeddable":true,"href":"https:\/\/radiostudiow.com.br\/site\/wp-json\/wp\/v2\/users\/2"}],"replies":[{"embeddable":true,"href":"https:\/\/radiostudiow.com.br\/site\/wp-json\/wp\/v2\/comments?post=46077"}],"version-history":[{"count":1,"href":"https:\/\/radiostudiow.com.br\/site\/wp-json\/wp\/v2\/posts\/46077\/revisions"}],"predecessor-version":[{"id":46078,"href":"https:\/\/radiostudiow.com.br\/site\/wp-json\/wp\/v2\/posts\/46077\/revisions\/46078"}],"wp:featuredmedia":[{"embeddable":true,"href":"https:\/\/radiostudiow.com.br\/site\/wp-json\/wp\/v2\/media\/35305"}],"wp:attachment":[{"href":"https:\/\/radiostudiow.com.br\/site\/wp-json\/wp\/v2\/media?parent=46077"}],"wp:term":[{"taxonomy":"category","embeddable":true,"href":"https:\/\/radiostudiow.com.br\/site\/wp-json\/wp\/v2\/categories?post=46077"},{"taxonomy":"post_tag","embeddable":true,"href":"https:\/\/radiostudiow.com.br\/site\/wp-json\/wp\/v2\/tags?post=46077"}],"curies":[{"name":"wp","href":"https:\/\/api.w.org\/{rel}","templated":true}]}}