{"id":46184,"date":"2026-01-07T16:55:03","date_gmt":"2026-01-07T19:55:03","guid":{"rendered":"https:\/\/radiostudiow.com.br\/site\/?p=46184"},"modified":"2026-01-07T16:58:13","modified_gmt":"2026-01-07T19:58:13","slug":"atualizada-carreta-e-tomada-por-incendio-na-br-476-entre-sao-mateus-do-sul-e-lapa-assista-o-video","status":"publish","type":"post","link":"https:\/\/radiostudiow.com.br\/site\/2026\/01\/07\/atualizada-carreta-e-tomada-por-incendio-na-br-476-entre-sao-mateus-do-sul-e-lapa-assista-o-video\/","title":{"rendered":"ATUALIZADA: Carreta \u00e9 tomada por inc\u00eandio na BR-476 entre S\u00e3o Mateus do Sul e Lapa. Assista o v\u00eddeo"},"content":{"rendered":"\n<p class=\"has-text-align-center\"><em>Da reda\u00e7\u00e3o V.Vale \/ V\u00eddeo Portal RDX<\/em><\/p>\n\n\n\n<p>A equipe da Pol\u00edcia Rodovi\u00e1ria Federal (PRF) atendeu uma ocorr\u00eancia de inc\u00eandio envolvendo uma carreta que trafegava pela BR-476, 211 km, trecho entre S\u00e3o Mateus do Sul e Lapa na manh\u00e3 desta quarta-feira (07).<\/p>\n\n\n\n<p>Conforme as primeiras informa\u00e7\u00f5es apuradas no local, as chamas se alastraram rapidamente e consumiram o ve\u00edculo.<\/p>\n\n\n\n<figure class=\"wp-block-image size-full\"><img loading=\"lazy\" decoding=\"async\" width=\"598\" height=\"204\" src=\"https:\/\/radiostudiow.com.br\/site\/wp-content\/uploads\/2024\/01\/SITE-MEDIO.png\" alt=\"\" class=\"wp-image-18916\" srcset=\"https:\/\/radiostudiow.com.br\/site\/wp-content\/uploads\/2024\/01\/SITE-MEDIO.png 598w, https:\/\/radiostudiow.com.br\/site\/wp-content\/uploads\/2024\/01\/SITE-MEDIO-300x102.png 300w\" sizes=\"auto, (max-width: 598px) 100vw, 598px\" \/><\/figure>\n\n\n\n<p>H\u00e1 ind\u00edcios de que o cavalo mec\u00e2nico n\u00e3o tenha sido desengatado da carreta, situa\u00e7\u00e3o que pode ter agravado o inc\u00eandio e dificultado a a\u00e7\u00e3o de combate ao fogo.<\/p>\n\n\n\n<p>Equipes da PRF da unidade de Arauc\u00e1ria se deslocaram at\u00e9 o ponto da ocorr\u00eancia para controlar a situa\u00e7\u00e3o, orientar o tr\u00e1fego e iniciar os procedimentos de investiga\u00e7\u00e3o.<\/p>\n\n\n\n<p>At\u00e9 o momento, n\u00e3o h\u00e1 confirma\u00e7\u00e3o de pessoas feridas nem detalhes oficiais sobre o que teria provocado o inc\u00eandio.<\/p>\n\n\n\n<figure class=\"wp-block-gallery has-nested-images columns-default is-cropped wp-block-gallery-1 is-layout-flex wp-block-gallery-is-layout-flex\">\n<figure class=\"wp-block-image size-large\"><img loading=\"lazy\" decoding=\"async\" width=\"300\" height=\"180\" data-id=\"39582\" src=\"https:\/\/radiostudiow.com.br\/site\/wp-content\/uploads\/2025\/06\/PLAY-HALL.png\" alt=\"\" class=\"wp-image-39582\"\/><\/figure>\n\n\n\n<figure class=\"wp-block-image size-large\"><img loading=\"lazy\" decoding=\"async\" width=\"300\" height=\"180\" data-id=\"38014\" src=\"https:\/\/radiostudiow.com.br\/site\/wp-content\/uploads\/2025\/05\/VANE.png\" alt=\"\" class=\"wp-image-38014\"\/><\/figure>\n\n\n\n<figure class=\"wp-block-image size-large\"><img loading=\"lazy\" decoding=\"async\" width=\"300\" height=\"180\" data-id=\"18945\" src=\"https:\/\/radiostudiow.com.br\/site\/wp-content\/uploads\/2024\/01\/SITE-PEQUENO.png\" alt=\"\" class=\"wp-image-18945\"\/><\/figure>\n<\/figure>\n\n\n\n<figure class=\"wp-block-video\"><video height=\"848\" style=\"aspect-ratio: 480 \/ 848;\" width=\"480\" controls src=\"https:\/\/radiostudiow.com.br\/site\/wp-content\/uploads\/2026\/01\/Carreta-pega-fogo-na-BR-476-entre-Sao-Mateus-do-Sul-e-Lapa.mp4\"><\/video><\/figure>\n\n\n\n<figure class=\"wp-block-embed is-type-wp-embed is-provider-studio-w wp-block-embed-studio-w\"><div class=\"wp-block-embed__wrapper\">\n<blockquote class=\"wp-embedded-content\" data-secret=\"Do6uNavz5u\"><a href=\"https:\/\/radiostudiow.com.br\/site\/2026\/01\/07\/atencao-carreta-em-chamas-na-br-476-entre-lapa-e-sao-mateus-do-sul\/\">ATEN\u00c7\u00c3O! CARRETA EM CHAMAS NA BR-476 entre Lapa e S\u00e3o Mateus do Sul<\/a><\/blockquote><iframe loading=\"lazy\" class=\"wp-embedded-content\" sandbox=\"allow-scripts\" security=\"restricted\" style=\"position: absolute; visibility: hidden;\" title=\"&#8220;ATEN\u00c7\u00c3O! CARRETA EM CHAMAS NA BR-476 entre Lapa e S\u00e3o Mateus do Sul&#8221; &#8212; Studio W\" src=\"https:\/\/radiostudiow.com.br\/site\/2026\/01\/07\/atencao-carreta-em-chamas-na-br-476-entre-lapa-e-sao-mateus-do-sul\/embed\/#?secret=rPW8HkHAeP#?secret=Do6uNavz5u\" data-secret=\"Do6uNavz5u\" width=\"600\" height=\"338\" frameborder=\"0\" marginwidth=\"0\" marginheight=\"0\" scrolling=\"no\"><\/iframe>\n<\/div><\/figure>\n","protected":false},"excerpt":{"rendered":"<p>Da reda\u00e7\u00e3o V.Vale \/ V\u00eddeo Portal RDX A equipe da Pol\u00edcia Rodovi\u00e1ria Federal (PRF) atendeu uma ocorr\u00eancia de inc\u00eandio envolvendo uma carreta que trafegava pela BR-476, 211 km, trecho entre S\u00e3o Mateus do Sul e Lapa na manh\u00e3 desta quarta-feira (07). Conforme as primeiras informa\u00e7\u00f5es apuradas no local, as chamas se alastraram rapidamente e consumiram [&hellip;]<\/p>\n","protected":false},"author":2,"featured_media":46186,"comment_status":"open","ping_status":"open","sticky":false,"template":"","format":"video","meta":{"footnotes":""},"categories":[185],"tags":[172],"class_list":["post-46184","post","type-post","status-publish","format-video","has-post-thumbnail","hentry","category-regional","tag-featured","post_format-post-format-video"],"amp_enabled":true,"_links":{"self":[{"href":"https:\/\/radiostudiow.com.br\/site\/wp-json\/wp\/v2\/posts\/46184","targetHints":{"allow":["GET"]}}],"collection":[{"href":"https:\/\/radiostudiow.com.br\/site\/wp-json\/wp\/v2\/posts"}],"about":[{"href":"https:\/\/radiostudiow.com.br\/site\/wp-json\/wp\/v2\/types\/post"}],"author":[{"embeddable":true,"href":"https:\/\/radiostudiow.com.br\/site\/wp-json\/wp\/v2\/users\/2"}],"replies":[{"embeddable":true,"href":"https:\/\/radiostudiow.com.br\/site\/wp-json\/wp\/v2\/comments?post=46184"}],"version-history":[{"count":2,"href":"https:\/\/radiostudiow.com.br\/site\/wp-json\/wp\/v2\/posts\/46184\/revisions"}],"predecessor-version":[{"id":46189,"href":"https:\/\/radiostudiow.com.br\/site\/wp-json\/wp\/v2\/posts\/46184\/revisions\/46189"}],"wp:featuredmedia":[{"embeddable":true,"href":"https:\/\/radiostudiow.com.br\/site\/wp-json\/wp\/v2\/media\/46186"}],"wp:attachment":[{"href":"https:\/\/radiostudiow.com.br\/site\/wp-json\/wp\/v2\/media?parent=46184"}],"wp:term":[{"taxonomy":"category","embeddable":true,"href":"https:\/\/radiostudiow.com.br\/site\/wp-json\/wp\/v2\/categories?post=46184"},{"taxonomy":"post_tag","embeddable":true,"href":"https:\/\/radiostudiow.com.br\/site\/wp-json\/wp\/v2\/tags?post=46184"}],"curies":[{"name":"wp","href":"https:\/\/api.w.org\/{rel}","templated":true}]}}