{"id":46210,"date":"2026-01-08T09:47:35","date_gmt":"2026-01-08T12:47:35","guid":{"rendered":"https:\/\/radiostudiow.com.br\/site\/?p=46210"},"modified":"2026-01-08T09:47:36","modified_gmt":"2026-01-08T12:47:36","slug":"colisao-frontal-na-br-277-deixa-cinco-pessoas-gravemente-feridas-em-palmeira","status":"publish","type":"post","link":"https:\/\/radiostudiow.com.br\/site\/2026\/01\/08\/colisao-frontal-na-br-277-deixa-cinco-pessoas-gravemente-feridas-em-palmeira\/","title":{"rendered":"Colis\u00e3o frontal na BR-277 deixa cinco pessoas gravemente feridas em Palmeira"},"content":{"rendered":"\n<h2 class=\"wp-block-heading has-text-align-center\"><em>Cinco v\u00edtimas graves foram socorridas pelo Corpo de Bombeiros, Via Arauc\u00e1ria e helic\u00f3ptero do SAMU, sendo encaminhadas a hospitais da regi\u00e3o; rodovia ficou interditada por duas horas.<\/em><\/h2>\n\n\n\n<figure class=\"wp-block-image size-full\"><img loading=\"lazy\" decoding=\"async\" width=\"897\" height=\"204\" src=\"https:\/\/radiostudiow.com.br\/site\/wp-content\/uploads\/2025\/03\/BARAO-NOVO-NOTICIAS-1.jpg\" alt=\"\" class=\"wp-image-35084\" srcset=\"https:\/\/radiostudiow.com.br\/site\/wp-content\/uploads\/2025\/03\/BARAO-NOVO-NOTICIAS-1.jpg 897w, https:\/\/radiostudiow.com.br\/site\/wp-content\/uploads\/2025\/03\/BARAO-NOVO-NOTICIAS-1-300x68.jpg 300w, https:\/\/radiostudiow.com.br\/site\/wp-content\/uploads\/2025\/03\/BARAO-NOVO-NOTICIAS-1-768x175.jpg 768w\" sizes=\"auto, (max-width: 897px) 100vw, 897px\" \/><\/figure>\n\n\n\n<p>Na tarde desta quarta-feira (07\/01), por volta das 16h30, foi registrado um sinistro de tr\u00e2nsito do tipo colis\u00e3o frontal na BR-277, km 170,1, no munic\u00edpio de Palmeira (PR).<\/p>\n\n\n\n<p>O acidente resultou em cinco v\u00edtimas graves (tr\u00eas homens e duas mulheres, todos adultos) e envolveu os seguintes ve\u00edculos: Fiat\/Siena, com uma v\u00edtima, de S\u00e3o Jos\u00e9 dos Pinhais; Chevrolet Onix, de S\u00e3o Paulo; Honda HR-V, com quatro v\u00edtimas, de Curitiba; e um caminh\u00e3o Mercedes-Benz, de Arauc\u00e1ria.<\/p>\n\n\n\n<p>Conforme informa\u00e7\u00f5es apuradas, o Fiat Siena trafegava no sentido crescente da rodovia (Capital x Interior) quando rodou na pista, invadiu a faixa contr\u00e1ria e colidiu contra os outros tr\u00eas ve\u00edculos que seguiam no sentido oposto. O maior impacto ocorreu no Honda HR-V, onde os quatro ocupantes ficaram gravemente feridos.<\/p>\n\n\n\n<figure class=\"wp-block-image size-full\"><img loading=\"lazy\" decoding=\"async\" width=\"598\" height=\"204\" src=\"https:\/\/radiostudiow.com.br\/site\/wp-content\/uploads\/2024\/10\/labirati.png\" alt=\"\" class=\"wp-image-28854\" srcset=\"https:\/\/radiostudiow.com.br\/site\/wp-content\/uploads\/2024\/10\/labirati.png 598w, https:\/\/radiostudiow.com.br\/site\/wp-content\/uploads\/2024\/10\/labirati-300x102.png 300w\" sizes=\"auto, (max-width: 598px) 100vw, 598px\" \/><\/figure>\n\n\n\n<p>No momento do sinistro, chovia forte. A rodovia \u00e9 de pista simples e encontra-se em boas condi\u00e7\u00f5es. Equipes do Corpo de Bombeiros de Palmeira, da Concession\u00e1ria Via Arauc\u00e1ria e o helic\u00f3ptero do SAMU de Ponta Grossa prestaram atendimento \u00e0s v\u00edtimas, que foram encaminhadas para hospitais da regi\u00e3o.<\/p>\n\n\n\n<p>A BR-277 ficou totalmente interditada das 16h30 \u00e0s 18h30, causando filas de aproximadamente 5 km em ambos os sentidos. No momento, o tr\u00e2nsito j\u00e1 est\u00e1 normalizado. As causas do sinistro est\u00e3o sendo investigadas.<\/p>\n\n\n\n<p class=\"has-text-align-center\"><em>Informa\u00e7\u00f5es e imagens: PRF \/ Mat\u00e9ria: Rep\u00f3rter Kiko de Oliveira<\/em><\/p>\n","protected":false},"excerpt":{"rendered":"<p>Cinco v\u00edtimas graves foram socorridas pelo Corpo de Bombeiros, Via Arauc\u00e1ria e helic\u00f3ptero do SAMU, sendo encaminhadas a hospitais da regi\u00e3o; rodovia ficou interditada por duas horas. Na tarde desta quarta-feira (07\/01), por volta das 16h30, foi registrado um sinistro de tr\u00e2nsito do tipo colis\u00e3o frontal na BR-277, km 170,1, no munic\u00edpio de Palmeira (PR). [&hellip;]<\/p>\n","protected":false},"author":2,"featured_media":46211,"comment_status":"open","ping_status":"open","sticky":false,"template":"","format":"standard","meta":{"footnotes":""},"categories":[185],"tags":[172],"class_list":["post-46210","post","type-post","status-publish","format-standard","has-post-thumbnail","hentry","category-regional","tag-featured"],"amp_enabled":true,"_links":{"self":[{"href":"https:\/\/radiostudiow.com.br\/site\/wp-json\/wp\/v2\/posts\/46210","targetHints":{"allow":["GET"]}}],"collection":[{"href":"https:\/\/radiostudiow.com.br\/site\/wp-json\/wp\/v2\/posts"}],"about":[{"href":"https:\/\/radiostudiow.com.br\/site\/wp-json\/wp\/v2\/types\/post"}],"author":[{"embeddable":true,"href":"https:\/\/radiostudiow.com.br\/site\/wp-json\/wp\/v2\/users\/2"}],"replies":[{"embeddable":true,"href":"https:\/\/radiostudiow.com.br\/site\/wp-json\/wp\/v2\/comments?post=46210"}],"version-history":[{"count":1,"href":"https:\/\/radiostudiow.com.br\/site\/wp-json\/wp\/v2\/posts\/46210\/revisions"}],"predecessor-version":[{"id":46212,"href":"https:\/\/radiostudiow.com.br\/site\/wp-json\/wp\/v2\/posts\/46210\/revisions\/46212"}],"wp:featuredmedia":[{"embeddable":true,"href":"https:\/\/radiostudiow.com.br\/site\/wp-json\/wp\/v2\/media\/46211"}],"wp:attachment":[{"href":"https:\/\/radiostudiow.com.br\/site\/wp-json\/wp\/v2\/media?parent=46210"}],"wp:term":[{"taxonomy":"category","embeddable":true,"href":"https:\/\/radiostudiow.com.br\/site\/wp-json\/wp\/v2\/categories?post=46210"},{"taxonomy":"post_tag","embeddable":true,"href":"https:\/\/radiostudiow.com.br\/site\/wp-json\/wp\/v2\/tags?post=46210"}],"curies":[{"name":"wp","href":"https:\/\/api.w.org\/{rel}","templated":true}]}}