{"id":46248,"date":"2026-01-08T20:24:49","date_gmt":"2026-01-08T23:24:49","guid":{"rendered":"https:\/\/radiostudiow.com.br\/site\/?p=46248"},"modified":"2026-01-08T20:26:46","modified_gmt":"2026-01-08T23:26:46","slug":"morre-valdir-batista-de-freitas-ex-vereador-de-general-carneiro","status":"publish","type":"post","link":"https:\/\/radiostudiow.com.br\/site\/2026\/01\/08\/morre-valdir-batista-de-freitas-ex-vereador-de-general-carneiro\/","title":{"rendered":"Morre Valdir Batista de Freitas, ex-vereador de General Carneiro"},"content":{"rendered":"\n<p>Morreu nas primeiras horas da manh\u00e3 desta quinta-feira, 8 de janeiro, o servidor p\u00fablico e ex-vereador de General Carneiro&nbsp;Valdir Batista de Freitas, aos 44 anos. Em raz\u00e3o do falecimento, a Prefeitura Municipal decretou luto oficial de tr\u00eas dias.<\/p>\n\n\n\n<p>Valdir Freitas estava internado desde dezembro em um hospital de Porto Uni\u00e3o, onde realizava tratamento contra um c\u00e2ncer. A morte gerou forte como\u00e7\u00e3o no munic\u00edpio e entre pessoas que acompanharam sua trajet\u00f3ria p\u00fablica e comunit\u00e1ria.<\/p>\n\n\n\n<figure class=\"wp-block-gallery has-nested-images columns-default is-cropped wp-block-gallery-1 is-layout-flex wp-block-gallery-is-layout-flex\">\n<figure class=\"wp-block-image size-large\"><img loading=\"lazy\" decoding=\"async\" width=\"1024\" height=\"591\" data-id=\"42859\" src=\"https:\/\/radiostudiow.com.br\/site\/wp-content\/uploads\/2025\/09\/CASA-DO-CRIADOR.png\" alt=\"\" class=\"wp-image-42859\" srcset=\"https:\/\/radiostudiow.com.br\/site\/wp-content\/uploads\/2025\/09\/CASA-DO-CRIADOR.png 1024w, https:\/\/radiostudiow.com.br\/site\/wp-content\/uploads\/2025\/09\/CASA-DO-CRIADOR-300x173.png 300w, https:\/\/radiostudiow.com.br\/site\/wp-content\/uploads\/2025\/09\/CASA-DO-CRIADOR-768x443.png 768w\" sizes=\"auto, (max-width: 1024px) 100vw, 1024px\" \/><\/figure>\n\n\n\n<figure class=\"wp-block-image size-large\"><img loading=\"lazy\" decoding=\"async\" width=\"1024\" height=\"591\" data-id=\"42556\" src=\"https:\/\/radiostudiow.com.br\/site\/wp-content\/uploads\/2025\/09\/image-61.png\" alt=\"\" class=\"wp-image-42556\" srcset=\"https:\/\/radiostudiow.com.br\/site\/wp-content\/uploads\/2025\/09\/image-61.png 1024w, https:\/\/radiostudiow.com.br\/site\/wp-content\/uploads\/2025\/09\/image-61-300x173.png 300w, https:\/\/radiostudiow.com.br\/site\/wp-content\/uploads\/2025\/09\/image-61-768x443.png 768w\" sizes=\"auto, (max-width: 1024px) 100vw, 1024px\" \/><\/figure>\n<\/figure>\n\n\n\n<p>Na pol\u00edtica, Valdir destacou-se ao ser o vereador mais votado nas elei\u00e7\u00f5es de 2016, quando recebeu 332 votos. Sua atua\u00e7\u00e3o no Legislativo ganhou repercuss\u00e3o em 2019, ano em que decidiu renunciar ao mandato.<\/p>\n\n\n\n<p>Al\u00e9m da vida pol\u00edtica, Valdir Batista de Freitas era uma figura bastante conhecida em General Carneiro pelo trabalho junto \u00e0 comunidade acad\u00eamica. Durante um longo per\u00edodo, presidiu a Associa\u00e7\u00e3o de Acad\u00eamicos do munic\u00edpio e foi respons\u00e1vel pelo transporte de estudantes universit\u00e1rios at\u00e9 a cidade de Uni\u00e3o da Vit\u00f3ria, contribuindo para o acesso ao ensino superior.<\/p>\n\n\n\n<p class=\"has-text-align-center\"><em>Fonte: V.Vale<\/em><\/p>\n","protected":false},"excerpt":{"rendered":"<p>Morreu nas primeiras horas da manh\u00e3 desta quinta-feira, 8 de janeiro, o servidor p\u00fablico e ex-vereador de General Carneiro&nbsp;Valdir Batista de Freitas, aos 44 anos. Em raz\u00e3o do falecimento, a Prefeitura Municipal decretou luto oficial de tr\u00eas dias. Valdir Freitas estava internado desde dezembro em um hospital de Porto Uni\u00e3o, onde realizava tratamento contra um [&hellip;]<\/p>\n","protected":false},"author":2,"featured_media":46249,"comment_status":"open","ping_status":"open","sticky":false,"template":"","format":"standard","meta":{"footnotes":""},"categories":[185],"tags":[172],"class_list":["post-46248","post","type-post","status-publish","format-standard","has-post-thumbnail","hentry","category-regional","tag-featured"],"amp_enabled":true,"_links":{"self":[{"href":"https:\/\/radiostudiow.com.br\/site\/wp-json\/wp\/v2\/posts\/46248","targetHints":{"allow":["GET"]}}],"collection":[{"href":"https:\/\/radiostudiow.com.br\/site\/wp-json\/wp\/v2\/posts"}],"about":[{"href":"https:\/\/radiostudiow.com.br\/site\/wp-json\/wp\/v2\/types\/post"}],"author":[{"embeddable":true,"href":"https:\/\/radiostudiow.com.br\/site\/wp-json\/wp\/v2\/users\/2"}],"replies":[{"embeddable":true,"href":"https:\/\/radiostudiow.com.br\/site\/wp-json\/wp\/v2\/comments?post=46248"}],"version-history":[{"count":2,"href":"https:\/\/radiostudiow.com.br\/site\/wp-json\/wp\/v2\/posts\/46248\/revisions"}],"predecessor-version":[{"id":46253,"href":"https:\/\/radiostudiow.com.br\/site\/wp-json\/wp\/v2\/posts\/46248\/revisions\/46253"}],"wp:featuredmedia":[{"embeddable":true,"href":"https:\/\/radiostudiow.com.br\/site\/wp-json\/wp\/v2\/media\/46249"}],"wp:attachment":[{"href":"https:\/\/radiostudiow.com.br\/site\/wp-json\/wp\/v2\/media?parent=46248"}],"wp:term":[{"taxonomy":"category","embeddable":true,"href":"https:\/\/radiostudiow.com.br\/site\/wp-json\/wp\/v2\/categories?post=46248"},{"taxonomy":"post_tag","embeddable":true,"href":"https:\/\/radiostudiow.com.br\/site\/wp-json\/wp\/v2\/tags?post=46248"}],"curies":[{"name":"wp","href":"https:\/\/api.w.org\/{rel}","templated":true}]}}