{"id":46258,"date":"2026-01-09T10:17:13","date_gmt":"2026-01-09T13:17:13","guid":{"rendered":"https:\/\/radiostudiow.com.br\/site\/?p=46258"},"modified":"2026-01-09T10:17:14","modified_gmt":"2026-01-09T13:17:14","slug":"policia-militar-recupera-objeto-de-furto-e-prende-homem-por-receptacao-em-general-carneiro","status":"publish","type":"post","link":"https:\/\/radiostudiow.com.br\/site\/2026\/01\/09\/policia-militar-recupera-objeto-de-furto-e-prende-homem-por-receptacao-em-general-carneiro\/","title":{"rendered":"Pol\u00edcia Militar recupera objeto de furto e prende homem por recepta\u00e7\u00e3o em General Carneiro"},"content":{"rendered":"\n<figure class=\"wp-block-image size-full\"><img loading=\"lazy\" decoding=\"async\" width=\"598\" height=\"204\" src=\"https:\/\/radiostudiow.com.br\/site\/wp-content\/uploads\/2025\/05\/POLAK.png\" alt=\"\" class=\"wp-image-37847\" srcset=\"https:\/\/radiostudiow.com.br\/site\/wp-content\/uploads\/2025\/05\/POLAK.png 598w, https:\/\/radiostudiow.com.br\/site\/wp-content\/uploads\/2025\/05\/POLAK-300x102.png 300w\" sizes=\"auto, (max-width: 598px) 100vw, 598px\" \/><\/figure>\n\n\n\n<p>Ap\u00f3s registro de furto de bateria automotiva, a equipe da Pol\u00edcia Militar de General Carneiro apurou que um objeto com as mesmas caracter\u00edsticas estava sendo anunciado para venda.<\/p>\n\n\n\n<p>O caso foi registrado por volta das 16h17min dessa quinta-feira (08).<\/p>\n\n\n\n<p>Em dilig\u00eancias, foi localizada a pessoa que intermediava o an\u00fancio e identificado quem estava<br>em posse do item, que informou t\u00ea-lo recebido para quitar uma d\u00edvida, indicando outro<br>indiv\u00edduo como poss\u00edvel autor do furto.<\/p>\n\n\n\n<p>O suspeito n\u00e3o foi localizado. A bateria foi recuperada e os envolvidos encaminhados \u00e0 unidade policial para as provid\u00eancias cab\u00edveis.<\/p>\n\n\n\n<figure class=\"wp-block-gallery has-nested-images columns-default is-cropped wp-block-gallery-1 is-layout-flex wp-block-gallery-is-layout-flex\">\n<figure class=\"wp-block-image size-large\"><img loading=\"lazy\" decoding=\"async\" width=\"300\" height=\"180\" data-id=\"41962\" src=\"https:\/\/radiostudiow.com.br\/site\/wp-content\/uploads\/2025\/08\/LILO.png\" alt=\"\" class=\"wp-image-41962\"\/><\/figure>\n\n\n\n<figure class=\"wp-block-image size-large\"><img loading=\"lazy\" decoding=\"async\" width=\"1024\" height=\"614\" data-id=\"45321\" src=\"https:\/\/radiostudiow.com.br\/site\/wp-content\/uploads\/2025\/12\/SITES-PEQUENO-GRANDE-1024x614.png\" alt=\"\" class=\"wp-image-45321\" srcset=\"https:\/\/radiostudiow.com.br\/site\/wp-content\/uploads\/2025\/12\/SITES-PEQUENO-GRANDE-1024x614.png 1024w, https:\/\/radiostudiow.com.br\/site\/wp-content\/uploads\/2025\/12\/SITES-PEQUENO-GRANDE-300x180.png 300w, https:\/\/radiostudiow.com.br\/site\/wp-content\/uploads\/2025\/12\/SITES-PEQUENO-GRANDE-768x461.png 768w, https:\/\/radiostudiow.com.br\/site\/wp-content\/uploads\/2025\/12\/SITES-PEQUENO-GRANDE-1536x921.png 1536w, https:\/\/radiostudiow.com.br\/site\/wp-content\/uploads\/2025\/12\/SITES-PEQUENO-GRANDE-1000x600.png 1000w, https:\/\/radiostudiow.com.br\/site\/wp-content\/uploads\/2025\/12\/SITES-PEQUENO-GRANDE-590x354.png 590w, https:\/\/radiostudiow.com.br\/site\/wp-content\/uploads\/2025\/12\/SITES-PEQUENO-GRANDE-400x240.png 400w, https:\/\/radiostudiow.com.br\/site\/wp-content\/uploads\/2025\/12\/SITES-PEQUENO-GRANDE.png 1672w\" sizes=\"auto, (max-width: 1024px) 100vw, 1024px\" \/><\/figure>\n<\/figure>\n","protected":false},"excerpt":{"rendered":"<p>Ap\u00f3s registro de furto de bateria automotiva, a equipe da Pol\u00edcia Militar de General Carneiro apurou que um objeto com as mesmas caracter\u00edsticas estava sendo anunciado para venda. O caso foi registrado por volta das 16h17min dessa quinta-feira (08). Em dilig\u00eancias, foi localizada a pessoa que intermediava o an\u00fancio e identificado quem estavaem posse do [&hellip;]<\/p>\n","protected":false},"author":2,"featured_media":46259,"comment_status":"open","ping_status":"open","sticky":false,"template":"","format":"standard","meta":{"footnotes":""},"categories":[7],"tags":[],"class_list":["post-46258","post","type-post","status-publish","format-standard","has-post-thumbnail","hentry","category-geral"],"amp_enabled":true,"_links":{"self":[{"href":"https:\/\/radiostudiow.com.br\/site\/wp-json\/wp\/v2\/posts\/46258","targetHints":{"allow":["GET"]}}],"collection":[{"href":"https:\/\/radiostudiow.com.br\/site\/wp-json\/wp\/v2\/posts"}],"about":[{"href":"https:\/\/radiostudiow.com.br\/site\/wp-json\/wp\/v2\/types\/post"}],"author":[{"embeddable":true,"href":"https:\/\/radiostudiow.com.br\/site\/wp-json\/wp\/v2\/users\/2"}],"replies":[{"embeddable":true,"href":"https:\/\/radiostudiow.com.br\/site\/wp-json\/wp\/v2\/comments?post=46258"}],"version-history":[{"count":2,"href":"https:\/\/radiostudiow.com.br\/site\/wp-json\/wp\/v2\/posts\/46258\/revisions"}],"predecessor-version":[{"id":46266,"href":"https:\/\/radiostudiow.com.br\/site\/wp-json\/wp\/v2\/posts\/46258\/revisions\/46266"}],"wp:featuredmedia":[{"embeddable":true,"href":"https:\/\/radiostudiow.com.br\/site\/wp-json\/wp\/v2\/media\/46259"}],"wp:attachment":[{"href":"https:\/\/radiostudiow.com.br\/site\/wp-json\/wp\/v2\/media?parent=46258"}],"wp:term":[{"taxonomy":"category","embeddable":true,"href":"https:\/\/radiostudiow.com.br\/site\/wp-json\/wp\/v2\/categories?post=46258"},{"taxonomy":"post_tag","embeddable":true,"href":"https:\/\/radiostudiow.com.br\/site\/wp-json\/wp\/v2\/tags?post=46258"}],"curies":[{"name":"wp","href":"https:\/\/api.w.org\/{rel}","templated":true}]}}