{"id":46275,"date":"2026-01-09T20:53:35","date_gmt":"2026-01-09T23:53:35","guid":{"rendered":"https:\/\/radiostudiow.com.br\/site\/?p=46275"},"modified":"2026-01-09T20:53:36","modified_gmt":"2026-01-09T23:53:36","slug":"ocorrencia-de-violencia-domestica-em-mallet-e-marcada-por-relatos-contraditorios","status":"publish","type":"post","link":"https:\/\/radiostudiow.com.br\/site\/2026\/01\/09\/ocorrencia-de-violencia-domestica-em-mallet-e-marcada-por-relatos-contraditorios\/","title":{"rendered":"Ocorr\u00eancia de viol\u00eancia dom\u00e9stica em Mallet \u00e9 marcada por relatos contradit\u00f3rios"},"content":{"rendered":"\n<figure class=\"wp-block-image size-full\"><img loading=\"lazy\" decoding=\"async\" width=\"897\" height=\"204\" src=\"https:\/\/radiostudiow.com.br\/site\/wp-content\/uploads\/2025\/03\/image-62.png\" alt=\"\" class=\"wp-image-35859\" srcset=\"https:\/\/radiostudiow.com.br\/site\/wp-content\/uploads\/2025\/03\/image-62.png 897w, https:\/\/radiostudiow.com.br\/site\/wp-content\/uploads\/2025\/03\/image-62-300x68.png 300w, https:\/\/radiostudiow.com.br\/site\/wp-content\/uploads\/2025\/03\/image-62-768x175.png 768w\" sizes=\"auto, (max-width: 897px) 100vw, 897px\" \/><\/figure>\n\n\n\n<p><\/p>\n\n\n\n<p>A Pol\u00edcia Militar de Mallet atendeu, na noite desta quinta-feira (08), por volta das 22h35, uma ocorr\u00eancia de viol\u00eancia dom\u00e9stica foi registrada no munic\u00edpio.<\/p>\n\n\n\n<p>Segundo informa\u00e7\u00f5es repassadas pela equipe policial, a solicita\u00e7\u00e3o ocorreu ap\u00f3s um desentendimento entre ex-companheiros, envolvendo a guarda tempor\u00e1ria da filha do casal. A mulher relatou que foi at\u00e9 a resid\u00eancia do pai da crian\u00e7a para busc\u00e1-la, momento em que houve uma discuss\u00e3o, evoluindo para agress\u00f5es f\u00edsicas contra ela.<\/p>\n\n\n\n<p>Diante da situa\u00e7\u00e3o, a v\u00edtima manifestou interesse em solicitar medida protetiva de urg\u00eancia. A equipe policial realizou contato com o homem apontado como autor, que negou as agress\u00f5es e apresentou uma vers\u00e3o divergente dos fatos.<\/p>\n\n\n\n<figure class=\"wp-block-image size-full\"><img loading=\"lazy\" decoding=\"async\" width=\"897\" height=\"204\" src=\"https:\/\/radiostudiow.com.br\/site\/wp-content\/uploads\/2025\/03\/BARAO-NOVO-NOTICIAS-1.jpg\" alt=\"\" class=\"wp-image-35084\" srcset=\"https:\/\/radiostudiow.com.br\/site\/wp-content\/uploads\/2025\/03\/BARAO-NOVO-NOTICIAS-1.jpg 897w, https:\/\/radiostudiow.com.br\/site\/wp-content\/uploads\/2025\/03\/BARAO-NOVO-NOTICIAS-1-300x68.jpg 300w, https:\/\/radiostudiow.com.br\/site\/wp-content\/uploads\/2025\/03\/BARAO-NOVO-NOTICIAS-1-768x175.jpg 768w\" sizes=\"auto, (max-width: 897px) 100vw, 897px\" \/><\/figure>\n\n\n\n<p><\/p>\n\n\n\n<p>Ambas as partes receberam orienta\u00e7\u00f5es no local e, em seguida, foram encaminhadas \u00e0 unidade policial para os procedimentos cab\u00edveis e esclarecimentos junto \u00e0 autoridade competente.<\/p>\n\n\n\n<p>A ocorr\u00eancia foi registrada e ser\u00e1 apurada conforme prev\u00ea a legisla\u00e7\u00e3o vigente.<\/p>\n\n\n\n<p><\/p>\n","protected":false},"excerpt":{"rendered":"<p>A Pol\u00edcia Militar de Mallet atendeu, na noite desta quinta-feira (08), por volta das 22h35, uma ocorr\u00eancia de viol\u00eancia dom\u00e9stica foi registrada no munic\u00edpio. Segundo informa\u00e7\u00f5es repassadas pela equipe policial, a solicita\u00e7\u00e3o ocorreu ap\u00f3s um desentendimento entre ex-companheiros, envolvendo a guarda tempor\u00e1ria da filha do casal. A mulher relatou que foi at\u00e9 a resid\u00eancia do [&hellip;]<\/p>\n","protected":false},"author":2,"featured_media":17329,"comment_status":"open","ping_status":"open","sticky":false,"template":"","format":"standard","meta":{"footnotes":""},"categories":[2],"tags":[172],"class_list":["post-46275","post","type-post","status-publish","format-standard","has-post-thumbnail","hentry","category-policial","tag-featured"],"amp_enabled":true,"_links":{"self":[{"href":"https:\/\/radiostudiow.com.br\/site\/wp-json\/wp\/v2\/posts\/46275","targetHints":{"allow":["GET"]}}],"collection":[{"href":"https:\/\/radiostudiow.com.br\/site\/wp-json\/wp\/v2\/posts"}],"about":[{"href":"https:\/\/radiostudiow.com.br\/site\/wp-json\/wp\/v2\/types\/post"}],"author":[{"embeddable":true,"href":"https:\/\/radiostudiow.com.br\/site\/wp-json\/wp\/v2\/users\/2"}],"replies":[{"embeddable":true,"href":"https:\/\/radiostudiow.com.br\/site\/wp-json\/wp\/v2\/comments?post=46275"}],"version-history":[{"count":1,"href":"https:\/\/radiostudiow.com.br\/site\/wp-json\/wp\/v2\/posts\/46275\/revisions"}],"predecessor-version":[{"id":46276,"href":"https:\/\/radiostudiow.com.br\/site\/wp-json\/wp\/v2\/posts\/46275\/revisions\/46276"}],"wp:featuredmedia":[{"embeddable":true,"href":"https:\/\/radiostudiow.com.br\/site\/wp-json\/wp\/v2\/media\/17329"}],"wp:attachment":[{"href":"https:\/\/radiostudiow.com.br\/site\/wp-json\/wp\/v2\/media?parent=46275"}],"wp:term":[{"taxonomy":"category","embeddable":true,"href":"https:\/\/radiostudiow.com.br\/site\/wp-json\/wp\/v2\/categories?post=46275"},{"taxonomy":"post_tag","embeddable":true,"href":"https:\/\/radiostudiow.com.br\/site\/wp-json\/wp\/v2\/tags?post=46275"}],"curies":[{"name":"wp","href":"https:\/\/api.w.org\/{rel}","templated":true}]}}