{"id":46381,"date":"2026-01-12T10:08:00","date_gmt":"2026-01-12T13:08:00","guid":{"rendered":"https:\/\/radiostudiow.com.br\/site\/?p=46381"},"modified":"2026-01-12T10:08:00","modified_gmt":"2026-01-12T13:08:00","slug":"policia-rodoviaria-estadual-repassou-mais-informacoes-do-grave-acidente-registrado-na-prc-280-em-general-carneiro","status":"publish","type":"post","link":"https:\/\/radiostudiow.com.br\/site\/2026\/01\/12\/policia-rodoviaria-estadual-repassou-mais-informacoes-do-grave-acidente-registrado-na-prc-280-em-general-carneiro\/","title":{"rendered":"Pol\u00edcia Rodovi\u00e1ria Estadual repassou mais informa\u00e7\u00f5es do grave acidente registrado na PRC-280 em General Carneiro"},"content":{"rendered":"\n<p>A equipe da 6\u00aa Companhia do Batalh\u00e3o de Pol\u00edcia Rodovi\u00e1ria foi acionada para atender um sinistro do tipo Abalroamento Transversal que ocorreu na PRC-280 Km 73+900 metros, em General Carneiro por volta das 15h00min de sexta-feira (09).<\/p>\n\n\n\n<p>O sinistro envolveu um caminh\u00e3o Mercedes-Benz Axor 3344, acoplado a um reboque carregado de toras de pinus, e uma caminhonete Renault Oroch.<\/p>\n\n\n\n<figure class=\"wp-block-image size-full\"><img loading=\"lazy\" decoding=\"async\" width=\"598\" height=\"204\" src=\"https:\/\/radiostudiow.com.br\/site\/wp-content\/uploads\/2025\/05\/POLAK.png\" alt=\"\" class=\"wp-image-37847\" srcset=\"https:\/\/radiostudiow.com.br\/site\/wp-content\/uploads\/2025\/05\/POLAK.png 598w, https:\/\/radiostudiow.com.br\/site\/wp-content\/uploads\/2025\/05\/POLAK-300x102.png 300w\" sizes=\"auto, (max-width: 598px) 100vw, 598px\" \/><\/figure>\n\n\n\n<p>A gravidade da colis\u00e3o resultou no \u00f3bito de uma passageira da Renault Oroch, uma mulher de 34 anos, que ficou presa ao interior do ve\u00edculo.<\/p>\n\n\n\n<p>O condutor da caminhonete, um homem de 33 anos, sofreu ferimentos graves, enquanto tr\u00eas crian\u00e7as que tamb\u00e9m ocupavam o ve\u00edculo \u2014 duas meninas e um menino, com idades entre 7 e 12 anos \u2014 apresentaram ferimentos leves.<\/p>\n\n\n\n<p>Devido \u00e0 for\u00e7a do impacto, a Renault Oroch dividiu-se em duas partes, permanecendo a se\u00e7\u00e3o frontal no acostamento e a parte traseira na vegeta\u00e7\u00e3o adjacente. O caminh\u00e3o, ap\u00f3s a colis\u00e3o, saiu da pista e tombou na vegeta\u00e7\u00e3o, espalhando parcialmente sua carga de toras; seu condutor, um homem de 62 anos, sofreu ferimentos leves.<\/p>\n\n\n\n<figure class=\"wp-block-image size-large\"><img loading=\"lazy\" decoding=\"async\" width=\"1024\" height=\"335\" src=\"https:\/\/radiostudiow.com.br\/site\/wp-content\/uploads\/2025\/12\/novo-Rodape-1024x335.png\" alt=\"\" class=\"wp-image-45379\" srcset=\"https:\/\/radiostudiow.com.br\/site\/wp-content\/uploads\/2025\/12\/novo-Rodape-1024x335.png 1024w, https:\/\/radiostudiow.com.br\/site\/wp-content\/uploads\/2025\/12\/novo-Rodape-300x98.png 300w, https:\/\/radiostudiow.com.br\/site\/wp-content\/uploads\/2025\/12\/novo-Rodape-768x251.png 768w, https:\/\/radiostudiow.com.br\/site\/wp-content\/uploads\/2025\/12\/novo-Rodape-1536x503.png 1536w, https:\/\/radiostudiow.com.br\/site\/wp-content\/uploads\/2025\/12\/novo-Rodape-2048x670.png 2048w\" sizes=\"auto, (max-width: 1024px) 100vw, 1024px\" \/><\/figure>\n\n\n\n<p>O socorro inicial foi prestado por populares e por policiais militares do 27\u00b0 BPM que passavam pelo trecho no momento da ocorr\u00eancia. Posteriormente, equipes do SAMU e do Corpo de Bombeiros de Palmas realizaram o atendimento m\u00e9dico e o encaminhamento de todos os feridos ao Hospital Municipal de Palmas.<\/p>\n\n\n\n<p>A \u00e1rea foi isolada para o trabalho da Pol\u00edcia Cient\u00edfica de Uni\u00e3o da Vit\u00f3ria e do Instituto M\u00e9dico Legal (IML), que realizaram as per\u00edcias necess\u00e1rias e a remo\u00e7\u00e3o do corpo da v\u00edtima fatal para os procedimentos legais.<\/p>\n\n\n\n\n\n<figure class=\"wp-block-image size-large\"><img loading=\"lazy\" decoding=\"async\" width=\"1024\" height=\"768\" src=\"https:\/\/radiostudiow.com.br\/site\/wp-content\/uploads\/2026\/01\/WhatsApp-Image-2026-01-12-at-09.36.08-1-1024x768.jpeg\" alt=\"\" class=\"wp-image-46383\" srcset=\"https:\/\/radiostudiow.com.br\/site\/wp-content\/uploads\/2026\/01\/WhatsApp-Image-2026-01-12-at-09.36.08-1-1024x768.jpeg 1024w, https:\/\/radiostudiow.com.br\/site\/wp-content\/uploads\/2026\/01\/WhatsApp-Image-2026-01-12-at-09.36.08-1-300x225.jpeg 300w, https:\/\/radiostudiow.com.br\/site\/wp-content\/uploads\/2026\/01\/WhatsApp-Image-2026-01-12-at-09.36.08-1-768x576.jpeg 768w, https:\/\/radiostudiow.com.br\/site\/wp-content\/uploads\/2026\/01\/WhatsApp-Image-2026-01-12-at-09.36.08-1-1536x1152.jpeg 1536w, https:\/\/radiostudiow.com.br\/site\/wp-content\/uploads\/2026\/01\/WhatsApp-Image-2026-01-12-at-09.36.08-1.jpeg 1600w\" sizes=\"auto, (max-width: 1024px) 100vw, 1024px\" \/><\/figure>\n\n\n\n<figure class=\"wp-block-image size-large\"><img loading=\"lazy\" decoding=\"async\" width=\"768\" height=\"1024\" src=\"https:\/\/radiostudiow.com.br\/site\/wp-content\/uploads\/2026\/01\/WhatsApp-Image-2026-01-12-at-09.36.08-768x1024.jpeg\" alt=\"\" class=\"wp-image-46384\" srcset=\"https:\/\/radiostudiow.com.br\/site\/wp-content\/uploads\/2026\/01\/WhatsApp-Image-2026-01-12-at-09.36.08-768x1024.jpeg 768w, https:\/\/radiostudiow.com.br\/site\/wp-content\/uploads\/2026\/01\/WhatsApp-Image-2026-01-12-at-09.36.08-225x300.jpeg 225w, https:\/\/radiostudiow.com.br\/site\/wp-content\/uploads\/2026\/01\/WhatsApp-Image-2026-01-12-at-09.36.08-1152x1536.jpeg 1152w, https:\/\/radiostudiow.com.br\/site\/wp-content\/uploads\/2026\/01\/WhatsApp-Image-2026-01-12-at-09.36.08.jpeg 1200w\" sizes=\"auto, (max-width: 768px) 100vw, 768px\" \/><\/figure>\n","protected":false},"excerpt":{"rendered":"<p>A equipe da 6\u00aa Companhia do Batalh\u00e3o de Pol\u00edcia Rodovi\u00e1ria foi acionada para atender um sinistro do tipo Abalroamento Transversal que ocorreu na PRC-280 Km 73+900 metros, em General Carneiro por volta das 15h00min de sexta-feira (09). O sinistro envolveu um caminh\u00e3o Mercedes-Benz Axor 3344, acoplado a um reboque carregado de toras de pinus, e [&hellip;]<\/p>\n","protected":false},"author":2,"featured_media":46382,"comment_status":"open","ping_status":"open","sticky":false,"template":"","format":"standard","meta":{"footnotes":""},"categories":[185],"tags":[172],"class_list":["post-46381","post","type-post","status-publish","format-standard","has-post-thumbnail","hentry","category-regional","tag-featured"],"amp_enabled":true,"_links":{"self":[{"href":"https:\/\/radiostudiow.com.br\/site\/wp-json\/wp\/v2\/posts\/46381","targetHints":{"allow":["GET"]}}],"collection":[{"href":"https:\/\/radiostudiow.com.br\/site\/wp-json\/wp\/v2\/posts"}],"about":[{"href":"https:\/\/radiostudiow.com.br\/site\/wp-json\/wp\/v2\/types\/post"}],"author":[{"embeddable":true,"href":"https:\/\/radiostudiow.com.br\/site\/wp-json\/wp\/v2\/users\/2"}],"replies":[{"embeddable":true,"href":"https:\/\/radiostudiow.com.br\/site\/wp-json\/wp\/v2\/comments?post=46381"}],"version-history":[{"count":1,"href":"https:\/\/radiostudiow.com.br\/site\/wp-json\/wp\/v2\/posts\/46381\/revisions"}],"predecessor-version":[{"id":46385,"href":"https:\/\/radiostudiow.com.br\/site\/wp-json\/wp\/v2\/posts\/46381\/revisions\/46385"}],"wp:featuredmedia":[{"embeddable":true,"href":"https:\/\/radiostudiow.com.br\/site\/wp-json\/wp\/v2\/media\/46382"}],"wp:attachment":[{"href":"https:\/\/radiostudiow.com.br\/site\/wp-json\/wp\/v2\/media?parent=46381"}],"wp:term":[{"taxonomy":"category","embeddable":true,"href":"https:\/\/radiostudiow.com.br\/site\/wp-json\/wp\/v2\/categories?post=46381"},{"taxonomy":"post_tag","embeddable":true,"href":"https:\/\/radiostudiow.com.br\/site\/wp-json\/wp\/v2\/tags?post=46381"}],"curies":[{"name":"wp","href":"https:\/\/api.w.org\/{rel}","templated":true}]}}