{"id":46415,"date":"2026-01-12T17:45:00","date_gmt":"2026-01-12T20:45:00","guid":{"rendered":"https:\/\/radiostudiow.com.br\/site\/?p=46415"},"modified":"2026-01-12T17:45:00","modified_gmt":"2026-01-12T20:45:00","slug":"homem-embriagado-e-preso-apos-capotar-veiculo-ficar-preso-nas-ferragens-e-ainda-tenta-agredir-socorristas","status":"publish","type":"post","link":"https:\/\/radiostudiow.com.br\/site\/2026\/01\/12\/homem-embriagado-e-preso-apos-capotar-veiculo-ficar-preso-nas-ferragens-e-ainda-tenta-agredir-socorristas\/","title":{"rendered":"Homem embriagado \u00e9 preso ap\u00f3s capotar ve\u00edculo, ficar preso nas ferragens e ainda tenta agredir socorristas"},"content":{"rendered":"\n<figure class=\"wp-block-image size-full\"><img loading=\"lazy\" decoding=\"async\" width=\"897\" height=\"204\" src=\"https:\/\/radiostudiow.com.br\/site\/wp-content\/uploads\/2025\/03\/image-62.png\" alt=\"\" class=\"wp-image-35859\" srcset=\"https:\/\/radiostudiow.com.br\/site\/wp-content\/uploads\/2025\/03\/image-62.png 897w, https:\/\/radiostudiow.com.br\/site\/wp-content\/uploads\/2025\/03\/image-62-300x68.png 300w, https:\/\/radiostudiow.com.br\/site\/wp-content\/uploads\/2025\/03\/image-62-768x175.png 768w\" sizes=\"auto, (max-width: 897px) 100vw, 897px\" \/><\/figure>\n\n\n\n<p>A equipe da Pol\u00edcia Militar de Porto Vit\u00f3ria foi acionada para atender uma situa\u00e7\u00e3o de acidente de tr\u00e2nsito no bairro S\u00e3o Jos\u00e9 por volta das 22h30min desse domingo (11). No local foi poss\u00edvel visualizar um ve\u00edculo fora da pista ca\u00eddo em uma ribanceira.<\/p>\n\n\n\n<p>Questionado algumas pessoas que ali estavam, estas relataram que um motorista, aparentemente embriagado, fez algumas manobras na pista, vindo a bater em uma mureta na ponte, causando danos, bem como teria ca\u00eddo em um barranco pr\u00f3ximo ao rio Espingarda com o ve\u00edculo, o qual veio a tombar.<\/p>\n\n\n\n<p>As testemunhas afirmaram ainda que o motorista se encontrava preso \u00e0s ferragens, por\u00e9m estaria consciente. Dessa forma, enquanto a equipe policial aguardava a chegada do Corpo de Bombeiros, foi verbalizado diversas vezes para o motorista aguardar o atendimento, por\u00e9m ele se recusava, dando socos e chutes no ve\u00edculo a fim de sair do interior do ve\u00edculo.<\/p>\n\n\n\n<p>Ap\u00f3s a chegada do Corpo de Bombeiros, foram iniciados os procedimentos de resgate.<\/p>\n\n\n\n<figure class=\"wp-block-image size-full\"><img loading=\"lazy\" decoding=\"async\" width=\"897\" height=\"204\" src=\"https:\/\/radiostudiow.com.br\/site\/wp-content\/uploads\/2025\/03\/BARAO-NOVO-NOTICIAS-1.jpg\" alt=\"\" class=\"wp-image-35084\" srcset=\"https:\/\/radiostudiow.com.br\/site\/wp-content\/uploads\/2025\/03\/BARAO-NOVO-NOTICIAS-1.jpg 897w, https:\/\/radiostudiow.com.br\/site\/wp-content\/uploads\/2025\/03\/BARAO-NOVO-NOTICIAS-1-300x68.jpg 300w, https:\/\/radiostudiow.com.br\/site\/wp-content\/uploads\/2025\/03\/BARAO-NOVO-NOTICIAS-1-768x175.jpg 768w\" sizes=\"auto, (max-width: 897px) 100vw, 897px\" \/><\/figure>\n\n\n\n<p>Durante a tentativa de imobiliza\u00e7\u00e3o para resguardar a integridade da v\u00edtima, o masculino passou a dificultar o trabalho das equipes de socorro, fazendo for\u00e7a para derrubar a equipe de bombeiros para tr\u00e1s, os quais n\u00e3o ca\u00edram devido a \u00e1rea de mata servir de apoio, gerando assim perigo a integridade f\u00edsica dos servidores.<\/p>\n\n\n\n<p>Durante o resgate o homem tentou agredir os socorristas. A todo momento, o indiv\u00edduo n\u00e3o colaborava com as for\u00e7as de seguran\u00e7a, passando a desacatar os policiais, configurando assim o crime de desacato. <\/p>\n\n\n\n<p>Que ap\u00f3s a investida contra os bombeiros, o desacato aos policiais e o n\u00edtido estado de embriaguez, o qual resultou o acidente, foi dado voz de pris\u00e3o ao masculino. Dessa forma, foram lavradas as documenta\u00e7\u00f5es pertinentes e o autor conduzido a 4\u00aa SDP para provid\u00eancias de pol\u00edcia judici\u00e1ria.<\/p>\n\n\n\n<p class=\"has-text-align-center\"><em>Fonte: 27\u00b0 BPM Foto: Rep\u00f3rter Tiago Amaral<\/em><\/p>\n","protected":false},"excerpt":{"rendered":"<p>A equipe da Pol\u00edcia Militar de Porto Vit\u00f3ria foi acionada para atender uma situa\u00e7\u00e3o de acidente de tr\u00e2nsito no bairro S\u00e3o Jos\u00e9 por volta das 22h30min desse domingo (11). No local foi poss\u00edvel visualizar um ve\u00edculo fora da pista ca\u00eddo em uma ribanceira. Questionado algumas pessoas que ali estavam, estas relataram que um motorista, aparentemente [&hellip;]<\/p>\n","protected":false},"author":2,"featured_media":46435,"comment_status":"open","ping_status":"open","sticky":false,"template":"","format":"standard","meta":{"footnotes":""},"categories":[185],"tags":[172],"class_list":["post-46415","post","type-post","status-publish","format-standard","has-post-thumbnail","hentry","category-regional","tag-featured"],"amp_enabled":true,"_links":{"self":[{"href":"https:\/\/radiostudiow.com.br\/site\/wp-json\/wp\/v2\/posts\/46415","targetHints":{"allow":["GET"]}}],"collection":[{"href":"https:\/\/radiostudiow.com.br\/site\/wp-json\/wp\/v2\/posts"}],"about":[{"href":"https:\/\/radiostudiow.com.br\/site\/wp-json\/wp\/v2\/types\/post"}],"author":[{"embeddable":true,"href":"https:\/\/radiostudiow.com.br\/site\/wp-json\/wp\/v2\/users\/2"}],"replies":[{"embeddable":true,"href":"https:\/\/radiostudiow.com.br\/site\/wp-json\/wp\/v2\/comments?post=46415"}],"version-history":[{"count":4,"href":"https:\/\/radiostudiow.com.br\/site\/wp-json\/wp\/v2\/posts\/46415\/revisions"}],"predecessor-version":[{"id":46436,"href":"https:\/\/radiostudiow.com.br\/site\/wp-json\/wp\/v2\/posts\/46415\/revisions\/46436"}],"wp:featuredmedia":[{"embeddable":true,"href":"https:\/\/radiostudiow.com.br\/site\/wp-json\/wp\/v2\/media\/46435"}],"wp:attachment":[{"href":"https:\/\/radiostudiow.com.br\/site\/wp-json\/wp\/v2\/media?parent=46415"}],"wp:term":[{"taxonomy":"category","embeddable":true,"href":"https:\/\/radiostudiow.com.br\/site\/wp-json\/wp\/v2\/categories?post=46415"},{"taxonomy":"post_tag","embeddable":true,"href":"https:\/\/radiostudiow.com.br\/site\/wp-json\/wp\/v2\/tags?post=46415"}],"curies":[{"name":"wp","href":"https:\/\/api.w.org\/{rel}","templated":true}]}}