{"id":46422,"date":"2026-01-12T11:32:27","date_gmt":"2026-01-12T14:32:27","guid":{"rendered":"https:\/\/radiostudiow.com.br\/site\/?p=46422"},"modified":"2026-01-12T11:32:28","modified_gmt":"2026-01-12T14:32:28","slug":"pm-apreende-quase-117-quilos-de-maconha-em-inacio-martins","status":"publish","type":"post","link":"https:\/\/radiostudiow.com.br\/site\/2026\/01\/12\/pm-apreende-quase-117-quilos-de-maconha-em-inacio-martins\/","title":{"rendered":"PM apreende quase 117 quilos de maconha em In\u00e1cio Martins"},"content":{"rendered":"\n<figure class=\"wp-block-image size-full\"><img loading=\"lazy\" decoding=\"async\" width=\"731\" height=\"204\" src=\"https:\/\/radiostudiow.com.br\/site\/wp-content\/uploads\/2025\/10\/ZAIONS.png\" alt=\"\" class=\"wp-image-44147\" srcset=\"https:\/\/radiostudiow.com.br\/site\/wp-content\/uploads\/2025\/10\/ZAIONS.png 731w, https:\/\/radiostudiow.com.br\/site\/wp-content\/uploads\/2025\/10\/ZAIONS-300x84.png 300w\" sizes=\"auto, (max-width: 731px) 100vw, 731px\" \/><\/figure>\n\n\n\n<p>Um homem foi preso e quase 117 quilos de maconha foram apreendidos pela Pol\u00edcia Militar na zona rural de In\u00e1cio Martins, durante o fim de semana, em uma das maiores ocorr\u00eancias registradas na \u00e1rea do 8\u00ba Companhia Independente da PM.<\/p>\n\n\n\n<p><em>A apreens\u00e3o de drogas ganhou destaque em meio a uma s\u00e9rie de atendimentos realizados nos munic\u00edpios de Irati, Rebou\u00e7as, Rio Azul, Teixeira Soares, Fernandes Pinheiro, Imbituva, Iva\u00ed e Guamiranga.<\/em><\/p>\n\n\n\n<p>A equipe da Pol\u00edcia Militar abordou um ve\u00edculo Hyundai HB20, que chamou aten\u00e7\u00e3o por trafegar com a suspens\u00e3o visivelmente baixa na localidade rural de Papagaios, em In\u00e1cio Martins por volta das 11 horas de s\u00e1bado (10).<\/p>\n\n\n\n<figure class=\"wp-block-image size-full is-resized\"><img loading=\"lazy\" decoding=\"async\" width=\"1024\" height=\"591\" src=\"https:\/\/radiostudiow.com.br\/site\/wp-content\/uploads\/2025\/09\/image-61.png\" alt=\"\" class=\"wp-image-42556\" style=\"aspect-ratio:1.7327040573665533;width:386px;height:auto\" srcset=\"https:\/\/radiostudiow.com.br\/site\/wp-content\/uploads\/2025\/09\/image-61.png 1024w, https:\/\/radiostudiow.com.br\/site\/wp-content\/uploads\/2025\/09\/image-61-300x173.png 300w, https:\/\/radiostudiow.com.br\/site\/wp-content\/uploads\/2025\/09\/image-61-768x443.png 768w\" sizes=\"auto, (max-width: 1024px) 100vw, 1024px\" \/><\/figure>\n\n\n\n<p>Durante a aproxima\u00e7\u00e3o, os policiais perceberam um forte odor de subst\u00e2ncia an\u00e1loga \u00e0 maconha. Na vistoria, foram localizados 180 tabletes de maconha, totalizando 116kg e 900 gramas da droga, de origem estrangeira, conforme relatado pelo condutor.<\/p>\n\n\n\n<p>Diante do flagrante, o homem recebeu voz de pris\u00e3o e foi encaminhado, juntamente com o ve\u00edculo, dois celulares e a droga apreendida, \u00e0 41\u00aa Delegacia Regional de Pol\u00edcia Civil, onde o caso ficou \u00e0 disposi\u00e7\u00e3o da Pol\u00edcia Judici\u00e1ria.<a href=\"https:\/\/linktr.ee\/hesolucoesauditivas#505278112\" target=\"_blank\" rel=\"noreferrer noopener\"><\/a><\/p>\n\n\n\n<p class=\"has-text-align-center\"><em>Fonte: <a href=\"https:\/\/najua.com.br\/\" data-type=\"link\" data-id=\"https:\/\/najua.com.br\/\">R\u00e1dio Naju\u00e1<\/a><\/em><\/p>\n","protected":false},"excerpt":{"rendered":"<p>Um homem foi preso e quase 117 quilos de maconha foram apreendidos pela Pol\u00edcia Militar na zona rural de In\u00e1cio Martins, durante o fim de semana, em uma das maiores ocorr\u00eancias registradas na \u00e1rea do 8\u00ba Companhia Independente da PM. A apreens\u00e3o de drogas ganhou destaque em meio a uma s\u00e9rie de atendimentos realizados nos [&hellip;]<\/p>\n","protected":false},"author":2,"featured_media":46423,"comment_status":"open","ping_status":"open","sticky":false,"template":"","format":"standard","meta":{"footnotes":""},"categories":[2],"tags":[172],"class_list":["post-46422","post","type-post","status-publish","format-standard","has-post-thumbnail","hentry","category-policial","tag-featured"],"amp_enabled":true,"_links":{"self":[{"href":"https:\/\/radiostudiow.com.br\/site\/wp-json\/wp\/v2\/posts\/46422","targetHints":{"allow":["GET"]}}],"collection":[{"href":"https:\/\/radiostudiow.com.br\/site\/wp-json\/wp\/v2\/posts"}],"about":[{"href":"https:\/\/radiostudiow.com.br\/site\/wp-json\/wp\/v2\/types\/post"}],"author":[{"embeddable":true,"href":"https:\/\/radiostudiow.com.br\/site\/wp-json\/wp\/v2\/users\/2"}],"replies":[{"embeddable":true,"href":"https:\/\/radiostudiow.com.br\/site\/wp-json\/wp\/v2\/comments?post=46422"}],"version-history":[{"count":1,"href":"https:\/\/radiostudiow.com.br\/site\/wp-json\/wp\/v2\/posts\/46422\/revisions"}],"predecessor-version":[{"id":46424,"href":"https:\/\/radiostudiow.com.br\/site\/wp-json\/wp\/v2\/posts\/46422\/revisions\/46424"}],"wp:featuredmedia":[{"embeddable":true,"href":"https:\/\/radiostudiow.com.br\/site\/wp-json\/wp\/v2\/media\/46423"}],"wp:attachment":[{"href":"https:\/\/radiostudiow.com.br\/site\/wp-json\/wp\/v2\/media?parent=46422"}],"wp:term":[{"taxonomy":"category","embeddable":true,"href":"https:\/\/radiostudiow.com.br\/site\/wp-json\/wp\/v2\/categories?post=46422"},{"taxonomy":"post_tag","embeddable":true,"href":"https:\/\/radiostudiow.com.br\/site\/wp-json\/wp\/v2\/tags?post=46422"}],"curies":[{"name":"wp","href":"https:\/\/api.w.org\/{rel}","templated":true}]}}