{"id":46425,"date":"2026-01-12T11:51:40","date_gmt":"2026-01-12T14:51:40","guid":{"rendered":"https:\/\/radiostudiow.com.br\/site\/?p=46425"},"modified":"2026-01-12T11:51:40","modified_gmt":"2026-01-12T14:51:40","slug":"motorista-fica-em-estado-grave-apos-acidente-na-pr-447-em-cruz-machado","status":"publish","type":"post","link":"https:\/\/radiostudiow.com.br\/site\/2026\/01\/12\/motorista-fica-em-estado-grave-apos-acidente-na-pr-447-em-cruz-machado\/","title":{"rendered":"Motorista fica em estado grave ap\u00f3s acidente na PR-447 em Cruz Machado"},"content":{"rendered":"\n<figure class=\"wp-block-gallery has-nested-images columns-default is-cropped wp-block-gallery-1 is-layout-flex wp-block-gallery-is-layout-flex\">\n<figure class=\"wp-block-image size-large\"><img loading=\"lazy\" decoding=\"async\" width=\"300\" height=\"180\" data-id=\"41962\" src=\"https:\/\/radiostudiow.com.br\/site\/wp-content\/uploads\/2025\/08\/LILO.png\" alt=\"\" class=\"wp-image-41962\"\/><\/figure>\n\n\n\n<figure class=\"wp-block-image size-large\"><img loading=\"lazy\" decoding=\"async\" width=\"300\" height=\"180\" data-id=\"38014\" src=\"https:\/\/radiostudiow.com.br\/site\/wp-content\/uploads\/2025\/05\/VANE.png\" alt=\"\" class=\"wp-image-38014\"\/><\/figure>\n<\/figure>\n\n\n\n<p>Um acidente de grandes propor\u00e7\u00f5es foi registrado na rodovia PR-447 nas proximidades do km 45 em Cruz Machado, envolvendo dois ve\u00edculos na noite deste domingo (11).<\/p>\n\n\n\n<p>Segundo as informa\u00e7\u00f5es levantadas no local, um Volkswagen Jetta e um Chevrolet Celta colidiram frontalmente. Com a for\u00e7a do impacto, o Celta acabou saindo da pista, capotando em seguida e caindo em um barranco \u00e0s margens da rodovia.<\/p>\n\n\n\n<p>O motorista do Celta ficou encarcerado no interior do autom\u00f3vel e precisou ser resgatado pela equipe do Servi\u00e7o de Atendimento M\u00f3vel de Urg\u00eancia (SAMU), com apoio de populares que presenciaram o acidente. Ap\u00f3s o resgate, ele foi levado ao Hospital Santa Terezinha, onde deu entrada com ferimentos graves.<\/p>\n\n\n\n<figure class=\"wp-block-image size-full\"><img loading=\"lazy\" decoding=\"async\" width=\"897\" height=\"204\" src=\"https:\/\/radiostudiow.com.br\/site\/wp-content\/uploads\/2025\/03\/BARAO-NOVO-NOTICIAS-1.jpg\" alt=\"\" class=\"wp-image-35084\" srcset=\"https:\/\/radiostudiow.com.br\/site\/wp-content\/uploads\/2025\/03\/BARAO-NOVO-NOTICIAS-1.jpg 897w, https:\/\/radiostudiow.com.br\/site\/wp-content\/uploads\/2025\/03\/BARAO-NOVO-NOTICIAS-1-300x68.jpg 300w, https:\/\/radiostudiow.com.br\/site\/wp-content\/uploads\/2025\/03\/BARAO-NOVO-NOTICIAS-1-768x175.jpg 768w\" sizes=\"auto, (max-width: 897px) 100vw, 897px\" \/><\/figure>\n\n\n\n<p>O condutor do Jetta tamb\u00e9m recebeu atendimento m\u00e9dico no local, sendo posteriormente encaminhado para avalia\u00e7\u00e3o, com les\u00f5es de menor gravidade.<\/p>\n\n\n\n<p>Informa\u00e7\u00f5es preliminares apontam que uma manobra de ultrapassagem em trecho de curva pode ter sido determinante para a colis\u00e3o. A Pol\u00edcia Rodovi\u00e1ria Estadual atendeu a ocorr\u00eancia, realizou os procedimentos de praxe e dar\u00e1 continuidade \u00e0 apura\u00e7\u00e3o das causas do acidente.<\/p>\n\n\n\n<p class=\"has-text-align-center\"><em>Fonte: Portal V.Vale \/ Foto: Assis, o rep\u00f3rter<\/em><\/p>\n","protected":false},"excerpt":{"rendered":"<p>Um acidente de grandes propor\u00e7\u00f5es foi registrado na rodovia PR-447 nas proximidades do km 45 em Cruz Machado, envolvendo dois ve\u00edculos na noite deste domingo (11). Segundo as informa\u00e7\u00f5es levantadas no local, um Volkswagen Jetta e um Chevrolet Celta colidiram frontalmente. Com a for\u00e7a do impacto, o Celta acabou saindo da pista, capotando em seguida [&hellip;]<\/p>\n","protected":false},"author":2,"featured_media":46426,"comment_status":"open","ping_status":"open","sticky":false,"template":"","format":"standard","meta":{"footnotes":""},"categories":[185],"tags":[172],"class_list":["post-46425","post","type-post","status-publish","format-standard","has-post-thumbnail","hentry","category-regional","tag-featured"],"amp_enabled":true,"_links":{"self":[{"href":"https:\/\/radiostudiow.com.br\/site\/wp-json\/wp\/v2\/posts\/46425","targetHints":{"allow":["GET"]}}],"collection":[{"href":"https:\/\/radiostudiow.com.br\/site\/wp-json\/wp\/v2\/posts"}],"about":[{"href":"https:\/\/radiostudiow.com.br\/site\/wp-json\/wp\/v2\/types\/post"}],"author":[{"embeddable":true,"href":"https:\/\/radiostudiow.com.br\/site\/wp-json\/wp\/v2\/users\/2"}],"replies":[{"embeddable":true,"href":"https:\/\/radiostudiow.com.br\/site\/wp-json\/wp\/v2\/comments?post=46425"}],"version-history":[{"count":3,"href":"https:\/\/radiostudiow.com.br\/site\/wp-json\/wp\/v2\/posts\/46425\/revisions"}],"predecessor-version":[{"id":46429,"href":"https:\/\/radiostudiow.com.br\/site\/wp-json\/wp\/v2\/posts\/46425\/revisions\/46429"}],"wp:featuredmedia":[{"embeddable":true,"href":"https:\/\/radiostudiow.com.br\/site\/wp-json\/wp\/v2\/media\/46426"}],"wp:attachment":[{"href":"https:\/\/radiostudiow.com.br\/site\/wp-json\/wp\/v2\/media?parent=46425"}],"wp:term":[{"taxonomy":"category","embeddable":true,"href":"https:\/\/radiostudiow.com.br\/site\/wp-json\/wp\/v2\/categories?post=46425"},{"taxonomy":"post_tag","embeddable":true,"href":"https:\/\/radiostudiow.com.br\/site\/wp-json\/wp\/v2\/tags?post=46425"}],"curies":[{"name":"wp","href":"https:\/\/api.w.org\/{rel}","templated":true}]}}