{"id":46450,"date":"2026-01-13T09:46:29","date_gmt":"2026-01-13T12:46:29","guid":{"rendered":"https:\/\/radiostudiow.com.br\/site\/?p=46450"},"modified":"2026-01-13T09:46:30","modified_gmt":"2026-01-13T12:46:30","slug":"incendio-destroi-casa-mista-na-area-rural-de-cruz-machado","status":"publish","type":"post","link":"https:\/\/radiostudiow.com.br\/site\/2026\/01\/13\/incendio-destroi-casa-mista-na-area-rural-de-cruz-machado\/","title":{"rendered":"Inc\u00eandio destr\u00f3i casa mista na \u00e1rea rural de Cruz Machado"},"content":{"rendered":"\n<figure class=\"wp-block-image size-full\"><img loading=\"lazy\" decoding=\"async\" width=\"598\" height=\"204\" src=\"https:\/\/radiostudiow.com.br\/site\/wp-content\/uploads\/2024\/01\/SITE-MEDIO.png\" alt=\"\" class=\"wp-image-18916\" srcset=\"https:\/\/radiostudiow.com.br\/site\/wp-content\/uploads\/2024\/01\/SITE-MEDIO.png 598w, https:\/\/radiostudiow.com.br\/site\/wp-content\/uploads\/2024\/01\/SITE-MEDIO-300x102.png 300w\" sizes=\"auto, (max-width: 598px) 100vw, 598px\" \/><\/figure>\n\n\n\n<p>Um inc\u00eandio de grandes propor\u00e7\u00f5es destruiu uma resid\u00eancia mista, constru\u00edda em madeira e alvenaria, na localidade de linha Esperan\u00e7a, no interior do munic\u00edpio de Cruz Machado na tarde desta segunda-feira (12).<\/p>\n\n\n\n<p>Conforme apurado, o Corpo de Bombeiros Militar de Uni\u00e3o da Vit\u00f3ria n\u00e3o foi acionado, devido \u00e0 dist\u00e2ncia do local, situado na \u00e1rea rural do munic\u00edpio. Apesar da gravidade da ocorr\u00eancia e dos preju\u00edzos materiais, ningu\u00e9m ficou ferido.<\/p>\n\n\n\n<p>Os preju\u00edzos ainda ser\u00e3o contabilizados. As causas do inc\u00eandio ser\u00e3o apuradas. <em>A mat\u00e9ria poder\u00e1 ser atualizada a qualquer momento com novas informa\u00e7\u00f5es.<\/em><\/p>\n\n\n\n<p class=\"has-text-align-center\"><em>Fonte\/Foto: Assis O Rep\u00f3rter<\/em><\/p>\n\n\n\n<figure class=\"wp-block-image size-full is-resized\"><img loading=\"lazy\" decoding=\"async\" width=\"731\" height=\"204\" src=\"https:\/\/radiostudiow.com.br\/site\/wp-content\/uploads\/2026\/01\/pax-2026.png\" alt=\"\" class=\"wp-image-46172\" style=\"width:731px;height:auto\" srcset=\"https:\/\/radiostudiow.com.br\/site\/wp-content\/uploads\/2026\/01\/pax-2026.png 731w, https:\/\/radiostudiow.com.br\/site\/wp-content\/uploads\/2026\/01\/pax-2026-300x84.png 300w\" sizes=\"auto, (max-width: 731px) 100vw, 731px\" \/><\/figure>\n\n\n\n<p><\/p>\n","protected":false},"excerpt":{"rendered":"<p>Um inc\u00eandio de grandes propor\u00e7\u00f5es destruiu uma resid\u00eancia mista, constru\u00edda em madeira e alvenaria, na localidade de linha Esperan\u00e7a, no interior do munic\u00edpio de Cruz Machado na tarde desta segunda-feira (12). Conforme apurado, o Corpo de Bombeiros Militar de Uni\u00e3o da Vit\u00f3ria n\u00e3o foi acionado, devido \u00e0 dist\u00e2ncia do local, situado na \u00e1rea rural do [&hellip;]<\/p>\n","protected":false},"author":2,"featured_media":46451,"comment_status":"open","ping_status":"open","sticky":false,"template":"","format":"standard","meta":{"footnotes":""},"categories":[185],"tags":[172],"class_list":["post-46450","post","type-post","status-publish","format-standard","has-post-thumbnail","hentry","category-regional","tag-featured"],"amp_enabled":true,"_links":{"self":[{"href":"https:\/\/radiostudiow.com.br\/site\/wp-json\/wp\/v2\/posts\/46450","targetHints":{"allow":["GET"]}}],"collection":[{"href":"https:\/\/radiostudiow.com.br\/site\/wp-json\/wp\/v2\/posts"}],"about":[{"href":"https:\/\/radiostudiow.com.br\/site\/wp-json\/wp\/v2\/types\/post"}],"author":[{"embeddable":true,"href":"https:\/\/radiostudiow.com.br\/site\/wp-json\/wp\/v2\/users\/2"}],"replies":[{"embeddable":true,"href":"https:\/\/radiostudiow.com.br\/site\/wp-json\/wp\/v2\/comments?post=46450"}],"version-history":[{"count":1,"href":"https:\/\/radiostudiow.com.br\/site\/wp-json\/wp\/v2\/posts\/46450\/revisions"}],"predecessor-version":[{"id":46452,"href":"https:\/\/radiostudiow.com.br\/site\/wp-json\/wp\/v2\/posts\/46450\/revisions\/46452"}],"wp:featuredmedia":[{"embeddable":true,"href":"https:\/\/radiostudiow.com.br\/site\/wp-json\/wp\/v2\/media\/46451"}],"wp:attachment":[{"href":"https:\/\/radiostudiow.com.br\/site\/wp-json\/wp\/v2\/media?parent=46450"}],"wp:term":[{"taxonomy":"category","embeddable":true,"href":"https:\/\/radiostudiow.com.br\/site\/wp-json\/wp\/v2\/categories?post=46450"},{"taxonomy":"post_tag","embeddable":true,"href":"https:\/\/radiostudiow.com.br\/site\/wp-json\/wp\/v2\/tags?post=46450"}],"curies":[{"name":"wp","href":"https:\/\/api.w.org\/{rel}","templated":true}]}}