{"id":46453,"date":"2026-01-13T10:00:26","date_gmt":"2026-01-13T13:00:26","guid":{"rendered":"https:\/\/radiostudiow.com.br\/site\/?p=46453"},"modified":"2026-01-13T10:11:17","modified_gmt":"2026-01-13T13:11:17","slug":"mulher-morre-apos-nao-resistir-a-ferimentos-de-grave-acidente-na-br-153","status":"publish","type":"post","link":"https:\/\/radiostudiow.com.br\/site\/2026\/01\/13\/mulher-morre-apos-nao-resistir-a-ferimentos-de-grave-acidente-na-br-153\/","title":{"rendered":"Mulher morre ap\u00f3s n\u00e3o resistir a ferimentos de grave acidente na BR-153"},"content":{"rendered":"\n<figure class=\"wp-block-image size-full\"><img loading=\"lazy\" decoding=\"async\" width=\"731\" height=\"204\" src=\"https:\/\/radiostudiow.com.br\/site\/wp-content\/uploads\/2025\/10\/ZAIONS.png\" alt=\"\" class=\"wp-image-44147\" srcset=\"https:\/\/radiostudiow.com.br\/site\/wp-content\/uploads\/2025\/10\/ZAIONS.png 731w, https:\/\/radiostudiow.com.br\/site\/wp-content\/uploads\/2025\/10\/ZAIONS-300x84.png 300w\" sizes=\"auto, (max-width: 731px) 100vw, 731px\" \/><\/figure>\n\n\n\n<p>Morreu no final da manh\u00e3 desta segunda-feira, 12 de janeiro,<strong>\u00a0Israquel Monteiro de Souza Siega, de 44 anos<\/strong>, que estava internada ap\u00f3s um grave acidente de tr\u00e2nsito registrado na BR-153 em Uni\u00e3o da Vit\u00f3ria na manh\u00e3 de sexta-feira (09). <\/p>\n\n\n\n<p>Conforme as informa\u00e7\u00f5es apuradas, Israquel ocupava um ve\u00edculo com placas de Dois Vizinhos, onde tamb\u00e9m estavam o marido e um casal do mesmo munic\u00edpio, quando houve uma colis\u00e3o frontal com um autom\u00f3vel emplacado em Pato Branco, conduzido apenas pelo motorista.<\/p>\n\n\n\n<p>Todas as v\u00edtimas foram socorridas e encaminhadas para atendimento hospitalar em Uni\u00e3o da Vit\u00f3ria.&nbsp;No entanto, devido \u00e0 gravidade dos ferimentos, Israquel n\u00e3o resistiu e faleceu.&nbsp;As demais pessoas envolvidas j\u00e1 receberam alta m\u00e9dica.<\/p>\n\n\n\n<p><em>Ela deixa o marido&nbsp;Eliandro Siega, os filhos&nbsp;Rafael&nbsp;e&nbsp;Jo\u00e3o, al\u00e9m de irm\u00e3os, demais familiares e amigos, que lamentam profundamente a perda.<\/em><\/p>\n\n\n\n<figure class=\"wp-block-image size-full\"><img loading=\"lazy\" decoding=\"async\" width=\"598\" height=\"204\" src=\"https:\/\/radiostudiow.com.br\/site\/wp-content\/uploads\/2024\/10\/labirati.png\" alt=\"\" class=\"wp-image-28854\" srcset=\"https:\/\/radiostudiow.com.br\/site\/wp-content\/uploads\/2024\/10\/labirati.png 598w, https:\/\/radiostudiow.com.br\/site\/wp-content\/uploads\/2024\/10\/labirati-300x102.png 300w\" sizes=\"auto, (max-width: 598px) 100vw, 598px\" \/><\/figure>\n\n\n\n<figure class=\"wp-block-embed is-type-wp-embed is-provider-studio-w wp-block-embed-studio-w\"><div class=\"wp-block-embed__wrapper\">\n<blockquote class=\"wp-embedded-content\" data-secret=\"hgWkFyRaLU\"><a href=\"https:\/\/radiostudiow.com.br\/site\/2026\/01\/09\/colisao-na-serra-do-leao-deixa-cinco-feridos-em-uniao-da-vitoria\/\">Colis\u00e3o na Serra do Le\u00e3o deixa cinco feridos em Uni\u00e3o da Vit\u00f3ria<\/a><\/blockquote><iframe loading=\"lazy\" class=\"wp-embedded-content\" sandbox=\"allow-scripts\" security=\"restricted\" style=\"position: absolute; visibility: hidden;\" title=\"&#8220;Colis\u00e3o na Serra do Le\u00e3o deixa cinco feridos em Uni\u00e3o da Vit\u00f3ria&#8221; &#8212; Studio W\" src=\"https:\/\/radiostudiow.com.br\/site\/2026\/01\/09\/colisao-na-serra-do-leao-deixa-cinco-feridos-em-uniao-da-vitoria\/embed\/#?secret=xxP6qOg3UI#?secret=hgWkFyRaLU\" data-secret=\"hgWkFyRaLU\" width=\"600\" height=\"338\" frameborder=\"0\" marginwidth=\"0\" marginheight=\"0\" scrolling=\"no\"><\/iframe>\n<\/div><\/figure>\n\n\n\n<figure class=\"wp-block-image size-large is-resized\"><img loading=\"lazy\" decoding=\"async\" width=\"576\" height=\"1024\" src=\"https:\/\/radiostudiow.com.br\/site\/wp-content\/uploads\/2026\/01\/image-31-576x1024.png\" alt=\"\" class=\"wp-image-46460\" style=\"aspect-ratio:0.5625037116218303;width:468px;height:auto\" srcset=\"https:\/\/radiostudiow.com.br\/site\/wp-content\/uploads\/2026\/01\/image-31-576x1024.png 576w, https:\/\/radiostudiow.com.br\/site\/wp-content\/uploads\/2026\/01\/image-31-169x300.png 169w, https:\/\/radiostudiow.com.br\/site\/wp-content\/uploads\/2026\/01\/image-31-768x1365.png 768w, https:\/\/radiostudiow.com.br\/site\/wp-content\/uploads\/2026\/01\/image-31-864x1536.png 864w, https:\/\/radiostudiow.com.br\/site\/wp-content\/uploads\/2026\/01\/image-31.png 1080w\" sizes=\"auto, (max-width: 576px) 100vw, 576px\" \/><\/figure>\n","protected":false},"excerpt":{"rendered":"<p>Morreu no final da manh\u00e3 desta segunda-feira, 12 de janeiro,\u00a0Israquel Monteiro de Souza Siega, de 44 anos, que estava internada ap\u00f3s um grave acidente de tr\u00e2nsito registrado na BR-153 em Uni\u00e3o da Vit\u00f3ria na manh\u00e3 de sexta-feira (09). Conforme as informa\u00e7\u00f5es apuradas, Israquel ocupava um ve\u00edculo com placas de Dois Vizinhos, onde tamb\u00e9m estavam o [&hellip;]<\/p>\n","protected":false},"author":2,"featured_media":46459,"comment_status":"open","ping_status":"open","sticky":false,"template":"","format":"standard","meta":{"footnotes":""},"categories":[185],"tags":[172],"class_list":["post-46453","post","type-post","status-publish","format-standard","has-post-thumbnail","hentry","category-regional","tag-featured"],"amp_enabled":true,"_links":{"self":[{"href":"https:\/\/radiostudiow.com.br\/site\/wp-json\/wp\/v2\/posts\/46453","targetHints":{"allow":["GET"]}}],"collection":[{"href":"https:\/\/radiostudiow.com.br\/site\/wp-json\/wp\/v2\/posts"}],"about":[{"href":"https:\/\/radiostudiow.com.br\/site\/wp-json\/wp\/v2\/types\/post"}],"author":[{"embeddable":true,"href":"https:\/\/radiostudiow.com.br\/site\/wp-json\/wp\/v2\/users\/2"}],"replies":[{"embeddable":true,"href":"https:\/\/radiostudiow.com.br\/site\/wp-json\/wp\/v2\/comments?post=46453"}],"version-history":[{"count":3,"href":"https:\/\/radiostudiow.com.br\/site\/wp-json\/wp\/v2\/posts\/46453\/revisions"}],"predecessor-version":[{"id":46464,"href":"https:\/\/radiostudiow.com.br\/site\/wp-json\/wp\/v2\/posts\/46453\/revisions\/46464"}],"wp:featuredmedia":[{"embeddable":true,"href":"https:\/\/radiostudiow.com.br\/site\/wp-json\/wp\/v2\/media\/46459"}],"wp:attachment":[{"href":"https:\/\/radiostudiow.com.br\/site\/wp-json\/wp\/v2\/media?parent=46453"}],"wp:term":[{"taxonomy":"category","embeddable":true,"href":"https:\/\/radiostudiow.com.br\/site\/wp-json\/wp\/v2\/categories?post=46453"},{"taxonomy":"post_tag","embeddable":true,"href":"https:\/\/radiostudiow.com.br\/site\/wp-json\/wp\/v2\/tags?post=46453"}],"curies":[{"name":"wp","href":"https:\/\/api.w.org\/{rel}","templated":true}]}}