{"id":46455,"date":"2026-01-09T13:02:00","date_gmt":"2026-01-09T16:02:00","guid":{"rendered":"https:\/\/radiostudiow.com.br\/site\/?p=46455"},"modified":"2026-01-13T09:54:39","modified_gmt":"2026-01-13T12:54:39","slug":"colisao-na-serra-do-leao-deixa-cinco-feridos-em-uniao-da-vitoria","status":"publish","type":"post","link":"https:\/\/radiostudiow.com.br\/site\/2026\/01\/09\/colisao-na-serra-do-leao-deixa-cinco-feridos-em-uniao-da-vitoria\/","title":{"rendered":"Colis\u00e3o na Serra do Le\u00e3o deixa cinco feridos em Uni\u00e3o da Vit\u00f3ria"},"content":{"rendered":"\n<figure class=\"wp-block-image size-full\"><img loading=\"lazy\" decoding=\"async\" width=\"731\" height=\"204\" src=\"https:\/\/radiostudiow.com.br\/site\/wp-content\/uploads\/2026\/01\/BARROS-2026.png\" alt=\"\" class=\"wp-image-46173\" srcset=\"https:\/\/radiostudiow.com.br\/site\/wp-content\/uploads\/2026\/01\/BARROS-2026.png 731w, https:\/\/radiostudiow.com.br\/site\/wp-content\/uploads\/2026\/01\/BARROS-2026-300x84.png 300w\" sizes=\"auto, (max-width: 731px) 100vw, 731px\" \/><\/figure>\n\n\n\n<p>O acidente de tr\u00e2nsito registrado na\u00a0Serra do Le\u00e3o, em Uni\u00e3o da Vit\u00f3ria, envolveu um\u00a0Nissan, com placas de\u00a0Pato Branco, e um\u00a0Volkswagen Jetta, de\u00a0Dois Vizinhos na manh\u00e3 de sexta-feira (09).<\/p>\n\n\n\n<p>Conforme a atualiza\u00e7\u00e3o das informa\u00e7\u00f5es,\u00a0cinco pessoas ficaram feridas\u00a0em decorr\u00eancia da\u00a0colis\u00e3o frontal, ocorrida no final da terceira faixa, ap\u00f3s uma manobra de ultrapassagem, com o impacto pr\u00f3ximo ao acostamento.<\/p>\n\n\n\n<p>Uma crian\u00e7a que estava envolvida no acidente n\u00e3o se feriu.<\/p>\n\n\n\n<p>As v\u00edtimas receberam atendimento das equipes do Samu de Uni\u00e3o da Vit\u00f3ria e de General Carneiro, al\u00e9m do Corpo de Bombeiros, sendo encaminhadas para unidades hospitalares da regi\u00e3o.<\/p>\n\n\n\n<p>Uma das v\u00edtimas foi encaminhada com ferimentos mais graves ao Hospital Regional.<\/p>\n\n\n\n<figure class=\"wp-block-gallery has-nested-images columns-default is-cropped wp-block-gallery-1 is-layout-flex wp-block-gallery-is-layout-flex\">\n<figure class=\"wp-block-image size-large\"><img loading=\"lazy\" decoding=\"async\" width=\"1024\" height=\"591\" data-id=\"42859\" src=\"https:\/\/radiostudiow.com.br\/site\/wp-content\/uploads\/2025\/09\/CASA-DO-CRIADOR.png\" alt=\"\" class=\"wp-image-42859\" srcset=\"https:\/\/radiostudiow.com.br\/site\/wp-content\/uploads\/2025\/09\/CASA-DO-CRIADOR.png 1024w, https:\/\/radiostudiow.com.br\/site\/wp-content\/uploads\/2025\/09\/CASA-DO-CRIADOR-300x173.png 300w, https:\/\/radiostudiow.com.br\/site\/wp-content\/uploads\/2025\/09\/CASA-DO-CRIADOR-768x443.png 768w\" sizes=\"auto, (max-width: 1024px) 100vw, 1024px\" \/><\/figure>\n\n\n\n<figure class=\"wp-block-image size-large\"><img loading=\"lazy\" decoding=\"async\" width=\"1024\" height=\"591\" data-id=\"42556\" src=\"https:\/\/radiostudiow.com.br\/site\/wp-content\/uploads\/2025\/09\/image-61.png\" alt=\"\" class=\"wp-image-42556\" srcset=\"https:\/\/radiostudiow.com.br\/site\/wp-content\/uploads\/2025\/09\/image-61.png 1024w, https:\/\/radiostudiow.com.br\/site\/wp-content\/uploads\/2025\/09\/image-61-300x173.png 300w, https:\/\/radiostudiow.com.br\/site\/wp-content\/uploads\/2025\/09\/image-61-768x443.png 768w\" sizes=\"auto, (max-width: 1024px) 100vw, 1024px\" \/><\/figure>\n<\/figure>\n\n\n\n<figure class=\"wp-block-video\"><video height=\"848\" style=\"aspect-ratio: 480 \/ 848;\" width=\"480\" controls src=\"https:\/\/radiostudiow.com.br\/site\/wp-content\/uploads\/2026\/01\/WhatsApp-Video-2026-01-09-at-10.19.29.mp4\"><\/video><\/figure>\n","protected":false},"excerpt":{"rendered":"<p>O acidente de tr\u00e2nsito registrado na\u00a0Serra do Le\u00e3o, em Uni\u00e3o da Vit\u00f3ria, envolveu um\u00a0Nissan, com placas de\u00a0Pato Branco, e um\u00a0Volkswagen Jetta, de\u00a0Dois Vizinhos na manh\u00e3 de sexta-feira (09). Conforme a atualiza\u00e7\u00e3o das informa\u00e7\u00f5es,\u00a0cinco pessoas ficaram feridas\u00a0em decorr\u00eancia da\u00a0colis\u00e3o frontal, ocorrida no final da terceira faixa, ap\u00f3s uma manobra de ultrapassagem, com o impacto pr\u00f3ximo ao [&hellip;]<\/p>\n","protected":false},"author":2,"featured_media":46456,"comment_status":"open","ping_status":"open","sticky":false,"template":"","format":"standard","meta":{"footnotes":""},"categories":[185],"tags":[172],"class_list":["post-46455","post","type-post","status-publish","format-standard","has-post-thumbnail","hentry","category-regional","tag-featured"],"amp_enabled":true,"_links":{"self":[{"href":"https:\/\/radiostudiow.com.br\/site\/wp-json\/wp\/v2\/posts\/46455","targetHints":{"allow":["GET"]}}],"collection":[{"href":"https:\/\/radiostudiow.com.br\/site\/wp-json\/wp\/v2\/posts"}],"about":[{"href":"https:\/\/radiostudiow.com.br\/site\/wp-json\/wp\/v2\/types\/post"}],"author":[{"embeddable":true,"href":"https:\/\/radiostudiow.com.br\/site\/wp-json\/wp\/v2\/users\/2"}],"replies":[{"embeddable":true,"href":"https:\/\/radiostudiow.com.br\/site\/wp-json\/wp\/v2\/comments?post=46455"}],"version-history":[{"count":1,"href":"https:\/\/radiostudiow.com.br\/site\/wp-json\/wp\/v2\/posts\/46455\/revisions"}],"predecessor-version":[{"id":46458,"href":"https:\/\/radiostudiow.com.br\/site\/wp-json\/wp\/v2\/posts\/46455\/revisions\/46458"}],"wp:featuredmedia":[{"embeddable":true,"href":"https:\/\/radiostudiow.com.br\/site\/wp-json\/wp\/v2\/media\/46456"}],"wp:attachment":[{"href":"https:\/\/radiostudiow.com.br\/site\/wp-json\/wp\/v2\/media?parent=46455"}],"wp:term":[{"taxonomy":"category","embeddable":true,"href":"https:\/\/radiostudiow.com.br\/site\/wp-json\/wp\/v2\/categories?post=46455"},{"taxonomy":"post_tag","embeddable":true,"href":"https:\/\/radiostudiow.com.br\/site\/wp-json\/wp\/v2\/tags?post=46455"}],"curies":[{"name":"wp","href":"https:\/\/api.w.org\/{rel}","templated":true}]}}