{"id":46465,"date":"2026-01-13T10:31:41","date_gmt":"2026-01-13T13:31:41","guid":{"rendered":"https:\/\/radiostudiow.com.br\/site\/?p=46465"},"modified":"2026-01-13T10:31:42","modified_gmt":"2026-01-13T13:31:42","slug":"video-policia-civil-cumpre-mandados-em-itaiopolis-sc-em-investigacao-sobre-jovem-encontrado-morto-em-sao-mateus-do-sul","status":"publish","type":"post","link":"https:\/\/radiostudiow.com.br\/site\/2026\/01\/13\/video-policia-civil-cumpre-mandados-em-itaiopolis-sc-em-investigacao-sobre-jovem-encontrado-morto-em-sao-mateus-do-sul\/","title":{"rendered":"V\u00eddeo: Pol\u00edcia Civil cumpre mandados em Itai\u00f3polis (SC) em investiga\u00e7\u00e3o sobre jovem encontrado morto em S\u00e3o Mateus do Sul"},"content":{"rendered":"\n<figure class=\"wp-block-image size-full\"><img loading=\"lazy\" decoding=\"async\" width=\"731\" height=\"204\" src=\"https:\/\/radiostudiow.com.br\/site\/wp-content\/uploads\/2026\/01\/BARROS-2026.png\" alt=\"\" class=\"wp-image-46173\" srcset=\"https:\/\/radiostudiow.com.br\/site\/wp-content\/uploads\/2026\/01\/BARROS-2026.png 731w, https:\/\/radiostudiow.com.br\/site\/wp-content\/uploads\/2026\/01\/BARROS-2026-300x84.png 300w\" sizes=\"auto, (max-width: 731px) 100vw, 731px\" \/><\/figure>\n\n\n\n<p class=\"has-text-align-center\"><em><strong>Da reda\u00e7\u00e3o Portal RDX<\/strong><\/em><\/p>\n\n\n\n<p>Em entrevista ao\u00a0Portal RDX, o delegado Mateus Santarelli trouxe detalhes sobre as investiga\u00e7\u00f5es, do crime ocorrido no dia 28 de novembro de 2025,\u00a0envolvendo um jovem identificado como Alexandre Nelson Nitz Kruczkievicz, de 28 anos, natural de Itai\u00f3polis (SC).<\/p>\n\n\n\n<p>O corpo foi encontrado \u00e0s margens da PR-364, pr\u00f3ximo \u00e0 entrada da localidade de Monjolos, em S\u00e3o Mateus do Sul.<\/p>\n\n\n\n<p>Alexander estava desaparecido desde o dia 27 de novembro, quando foi visto pela \u00faltima vez dirigindo uma Toyota Hilux cinza, de cabine simples. O carro era do av\u00f4 dele de 74 anos, que teria emprestado o carro para que ele fosse comprar p\u00e3o. Depois disso, ele n\u00e3o retornou, o que levou familiares, amigos e moradores da regi\u00e3o a mobilizarem esfor\u00e7os, compartilhando diversas publica\u00e7\u00f5es em busca de informa\u00e7\u00f5es.<\/p>\n\n\n\n<p>A identifica\u00e7\u00e3o oficial ocorreu apenas no dia 4 de dezembro, quando familiares reconheceram o corpo no IML de Uni\u00e3o da Vit\u00f3ria, quase uma semana ap\u00f3s o achado.<\/p>\n\n\n\n<figure class=\"wp-block-image size-full\"><img loading=\"lazy\" decoding=\"async\" width=\"598\" height=\"204\" src=\"https:\/\/radiostudiow.com.br\/site\/wp-content\/uploads\/2025\/04\/BOROX.png\" alt=\"\" class=\"wp-image-37229\" srcset=\"https:\/\/radiostudiow.com.br\/site\/wp-content\/uploads\/2025\/04\/BOROX.png 598w, https:\/\/radiostudiow.com.br\/site\/wp-content\/uploads\/2025\/04\/BOROX-300x102.png 300w\" sizes=\"auto, (max-width: 598px) 100vw, 598px\" \/><\/figure>\n\n\n\n<figure class=\"wp-block-video\"><video height=\"848\" style=\"aspect-ratio: 480 \/ 848;\" width=\"480\" controls src=\"https:\/\/radiostudiow.com.br\/site\/wp-content\/uploads\/2026\/01\/YTDown.com_YouTube_Media_hM0lXXIqzRA_001_480p.mp4\"><\/video><\/figure>\n\n\n\n<figure class=\"wp-block-embed is-type-wp-embed is-provider-studio-w wp-block-embed-studio-w\"><div class=\"wp-block-embed__wrapper\">\n<blockquote class=\"wp-embedded-content\" data-secret=\"hKgbYWm6H9\"><a href=\"https:\/\/radiostudiow.com.br\/site\/2025\/12\/05\/homem-encontrado-morto-em-sao-mateus-do-sul-e-identificado-no-iml-quase-uma-semana-apos-o-ocorrido\/\">Homem encontrado morto em S\u00e3o Mateus do Sul \u00e9 identificado no IML quase uma semana ap\u00f3s o ocorrido<\/a><\/blockquote><iframe loading=\"lazy\" class=\"wp-embedded-content\" sandbox=\"allow-scripts\" security=\"restricted\" style=\"position: absolute; visibility: hidden;\" title=\"&#8220;Homem encontrado morto em S\u00e3o Mateus do Sul \u00e9 identificado no IML quase uma semana ap\u00f3s o ocorrido&#8221; &#8212; Studio W\" src=\"https:\/\/radiostudiow.com.br\/site\/2025\/12\/05\/homem-encontrado-morto-em-sao-mateus-do-sul-e-identificado-no-iml-quase-uma-semana-apos-o-ocorrido\/embed\/#?secret=wV0PEYk5gS#?secret=hKgbYWm6H9\" data-secret=\"hKgbYWm6H9\" width=\"600\" height=\"338\" frameborder=\"0\" marginwidth=\"0\" marginheight=\"0\" scrolling=\"no\"><\/iframe>\n<\/div><\/figure>\n","protected":false},"excerpt":{"rendered":"<p>Da reda\u00e7\u00e3o Portal RDX Em entrevista ao\u00a0Portal RDX, o delegado Mateus Santarelli trouxe detalhes sobre as investiga\u00e7\u00f5es, do crime ocorrido no dia 28 de novembro de 2025,\u00a0envolvendo um jovem identificado como Alexandre Nelson Nitz Kruczkievicz, de 28 anos, natural de Itai\u00f3polis (SC). O corpo foi encontrado \u00e0s margens da PR-364, pr\u00f3ximo \u00e0 entrada da localidade [&hellip;]<\/p>\n","protected":false},"author":2,"featured_media":46467,"comment_status":"open","ping_status":"open","sticky":false,"template":"","format":"standard","meta":{"footnotes":""},"categories":[2],"tags":[172],"class_list":["post-46465","post","type-post","status-publish","format-standard","has-post-thumbnail","hentry","category-policial","tag-featured"],"amp_enabled":true,"_links":{"self":[{"href":"https:\/\/radiostudiow.com.br\/site\/wp-json\/wp\/v2\/posts\/46465","targetHints":{"allow":["GET"]}}],"collection":[{"href":"https:\/\/radiostudiow.com.br\/site\/wp-json\/wp\/v2\/posts"}],"about":[{"href":"https:\/\/radiostudiow.com.br\/site\/wp-json\/wp\/v2\/types\/post"}],"author":[{"embeddable":true,"href":"https:\/\/radiostudiow.com.br\/site\/wp-json\/wp\/v2\/users\/2"}],"replies":[{"embeddable":true,"href":"https:\/\/radiostudiow.com.br\/site\/wp-json\/wp\/v2\/comments?post=46465"}],"version-history":[{"count":1,"href":"https:\/\/radiostudiow.com.br\/site\/wp-json\/wp\/v2\/posts\/46465\/revisions"}],"predecessor-version":[{"id":46468,"href":"https:\/\/radiostudiow.com.br\/site\/wp-json\/wp\/v2\/posts\/46465\/revisions\/46468"}],"wp:featuredmedia":[{"embeddable":true,"href":"https:\/\/radiostudiow.com.br\/site\/wp-json\/wp\/v2\/media\/46467"}],"wp:attachment":[{"href":"https:\/\/radiostudiow.com.br\/site\/wp-json\/wp\/v2\/media?parent=46465"}],"wp:term":[{"taxonomy":"category","embeddable":true,"href":"https:\/\/radiostudiow.com.br\/site\/wp-json\/wp\/v2\/categories?post=46465"},{"taxonomy":"post_tag","embeddable":true,"href":"https:\/\/radiostudiow.com.br\/site\/wp-json\/wp\/v2\/tags?post=46465"}],"curies":[{"name":"wp","href":"https:\/\/api.w.org\/{rel}","templated":true}]}}