{"id":46469,"date":"2026-01-13T11:05:01","date_gmt":"2026-01-13T14:05:01","guid":{"rendered":"https:\/\/radiostudiow.com.br\/site\/?p=46469"},"modified":"2026-01-13T11:05:02","modified_gmt":"2026-01-13T14:05:02","slug":"jovem-preso-em-general-carneiro-foi-autor-de-furto-em-hamburgueria-de-de-uniao-da-vitoria","status":"publish","type":"post","link":"https:\/\/radiostudiow.com.br\/site\/2026\/01\/13\/jovem-preso-em-general-carneiro-foi-autor-de-furto-em-hamburgueria-de-de-uniao-da-vitoria\/","title":{"rendered":"Jovem preso em General Carneiro foi autor de furto em hamburgueria de de Uni\u00e3o da Vit\u00f3ria"},"content":{"rendered":"\n<figure class=\"wp-block-image size-full\"><img loading=\"lazy\" decoding=\"async\" width=\"598\" height=\"204\" src=\"https:\/\/radiostudiow.com.br\/site\/wp-content\/uploads\/2025\/05\/POLAK.png\" alt=\"\" class=\"wp-image-37847\" srcset=\"https:\/\/radiostudiow.com.br\/site\/wp-content\/uploads\/2025\/05\/POLAK.png 598w, https:\/\/radiostudiow.com.br\/site\/wp-content\/uploads\/2025\/05\/POLAK-300x102.png 300w\" sizes=\"auto, (max-width: 598px) 100vw, 598px\" \/><\/figure>\n\n\n\n<p>Na semana passada, teve grande repercuss\u00e3o um caso em que duas pessoas realizaram um furto em uma hamburgueria da cidade de Uni\u00e3o da Vit\u00f3ria. Um dos autores foi preso no dia seguinte e solto horas depois, o que gerou revolta geral, principalmente do comerciante que teve preju\u00edzo.<\/p>\n\n\n\n<p>No s\u00e1bado, 10 de janeiro na cidade de General Carneiro, o segundo autor, uma pessoa trans, foi preso ap\u00f3s a pol\u00edcia cumprir um mandado expedido pela 2\u00aa Vara Criminal de Uni\u00e3o da Vit\u00f3ria.<\/p>\n\n\n\n<p>O estabelecimento, que fica na Avenida Manoel Ribas, no Centro da cidade, foi invadido durante a madrugada de quarta-feira (07). Duas pessoas, utilizando um ve\u00edculo Fiat\/Fiorino, subtra\u00edram alguns objetos, sendo a a\u00e7\u00e3o flagrada por c\u00e2meras de monitoramento. Os itens furtados foram encontrados escondidos no Parque Ambiental e posteriormente recuperados.<\/p>\n\n\n\n<figure class=\"wp-block-gallery has-nested-images columns-default is-cropped wp-block-gallery-1 is-layout-flex wp-block-gallery-is-layout-flex\">\n<figure class=\"wp-block-image size-large\"><img loading=\"lazy\" decoding=\"async\" width=\"1024\" height=\"614\" data-id=\"45321\" src=\"https:\/\/radiostudiow.com.br\/site\/wp-content\/uploads\/2025\/12\/SITES-PEQUENO-GRANDE-1024x614.png\" alt=\"\" class=\"wp-image-45321\" srcset=\"https:\/\/radiostudiow.com.br\/site\/wp-content\/uploads\/2025\/12\/SITES-PEQUENO-GRANDE-1024x614.png 1024w, https:\/\/radiostudiow.com.br\/site\/wp-content\/uploads\/2025\/12\/SITES-PEQUENO-GRANDE-300x180.png 300w, https:\/\/radiostudiow.com.br\/site\/wp-content\/uploads\/2025\/12\/SITES-PEQUENO-GRANDE-768x461.png 768w, https:\/\/radiostudiow.com.br\/site\/wp-content\/uploads\/2025\/12\/SITES-PEQUENO-GRANDE-1536x921.png 1536w, https:\/\/radiostudiow.com.br\/site\/wp-content\/uploads\/2025\/12\/SITES-PEQUENO-GRANDE-1000x600.png 1000w, https:\/\/radiostudiow.com.br\/site\/wp-content\/uploads\/2025\/12\/SITES-PEQUENO-GRANDE-590x354.png 590w, https:\/\/radiostudiow.com.br\/site\/wp-content\/uploads\/2025\/12\/SITES-PEQUENO-GRANDE-400x240.png 400w, https:\/\/radiostudiow.com.br\/site\/wp-content\/uploads\/2025\/12\/SITES-PEQUENO-GRANDE.png 1672w\" sizes=\"auto, (max-width: 1024px) 100vw, 1024px\" \/><\/figure>\n\n\n\n<figure class=\"wp-block-image size-large\"><img loading=\"lazy\" decoding=\"async\" width=\"300\" height=\"180\" data-id=\"39582\" src=\"https:\/\/radiostudiow.com.br\/site\/wp-content\/uploads\/2025\/06\/PLAY-HALL.png\" alt=\"\" class=\"wp-image-39582\"\/><\/figure>\n\n\n\n<figure class=\"wp-block-image size-large\"><img loading=\"lazy\" decoding=\"async\" width=\"300\" height=\"180\" data-id=\"38684\" src=\"https:\/\/radiostudiow.com.br\/site\/wp-content\/uploads\/2025\/05\/SITE-PEQUENO.jpg\" alt=\"\" class=\"wp-image-38684\"\/><\/figure>\n<\/figure>\n\n\n\n<p>Um dos suspeitos foi localizado no mesmo dia, no bairro Ponte Nova, em Uni\u00e3o da Vit\u00f3ria. Ele recebeu voz de pris\u00e3o e foi conduzido \u00e0 delegacia. No entanto, ap\u00f3s ser apresentado \u00e0 autoridade policial, foi encaminhado para audi\u00eancia de cust\u00f3dia e acabou sendo liberado ainda na noite de quarta-feira, retornando \u00e0s ruas.<\/p>\n\n\n\n<p><a href=\"https:\/\/www.facebook.com\/sharer.php?u=https%3A%2F%2Fcanal4.tv.br%2F2026%2F01%2F12%2Fjovem-preso-em-general-carneiro-foi-autor-de-furto-em-hamburgueria-de-de-uniao-da-vitoria%2F%3Ffbclid%3DIwY2xjawPTK91leHRuA2FlbQIxMQBzcnRjBmFwcF9pZBAyMjIwMzkxNzg4MjAwODkyAAEetqOcYG34XqBgYmTZ3J0MBo_x3uXzEbVprWlitEIBWtlEcxAuupky01JNT18_aem_xXuUY1Ugbkucw2jXtEPCuA\" target=\"_blank\" rel=\"noreferrer noopener\"><\/a>Mas a hist\u00f3ria ainda n\u00e3o havia acabado. Por meio de um trabalho de investiga\u00e7\u00e3o conjunta entre as pol\u00edcias Militar e Civil, no fim de semana foi expedido um mandado de pris\u00e3o preventiva. O segundo autor foi localizado e preso por volta das 16h30 de s\u00e1bado, dia 10, na cidade de General Carneiro.<\/p>\n\n\n\n<p>A pessoa presa foi identificada como Mailon Rafael Augustinho, de 23 anos.&nbsp;A pris\u00e3o ocorreu em sua resid\u00eancia, no bairro Planalto, ap\u00f3s intenso rastreamento realizado pelas for\u00e7as de seguran\u00e7a. Em seguida, foi encaminhada ao Departamento Penitenci\u00e1rio de Uni\u00e3o da Vit\u00f3ria, onde permanece presa.<a href=\"https:\/\/web.whatsapp.com\/send?text=Jovem%20preso%20em%20General%20Carneiro%20foi%20autor%20de%20furto%20em%20hamburgueria%20de%20de%20Uni%C3%A3o%20da%20Vit%C3%B3ria%20%E2%98%9B%20https%3A%2F%2Fcanal4.tv.br%2F2026%2F01%2F12%2Fjovem-preso-em-general-carneiro-foi-autor-de-furto-em-hamburgueria-de-de-uniao-da-vitoria%2F%3Ffbclid%3DIwY2xjawPTK91leHRuA2FlbQIxMQBzcnRjBmFwcF9pZBAyMjIwMzkxNzg4MjAwODkyAAEetqOcYG34XqBgYmTZ3J0MBo_x3uXzEbVprWlitEIBWtlEcxAuupky01JNT18_aem_xXuUY1Ugbkucw2jXtEPCuA\" target=\"_blank\" rel=\"noreferrer noopener\"><\/a><\/p>\n\n\n\n<p><a href=\"javascript:void(0);\"><\/a><\/p>\n","protected":false},"excerpt":{"rendered":"<p>Na semana passada, teve grande repercuss\u00e3o um caso em que duas pessoas realizaram um furto em uma hamburgueria da cidade de Uni\u00e3o da Vit\u00f3ria. Um dos autores foi preso no dia seguinte e solto horas depois, o que gerou revolta geral, principalmente do comerciante que teve preju\u00edzo. No s\u00e1bado, 10 de janeiro na cidade de [&hellip;]<\/p>\n","protected":false},"author":2,"featured_media":46204,"comment_status":"open","ping_status":"open","sticky":false,"template":"","format":"standard","meta":{"footnotes":""},"categories":[2],"tags":[172],"class_list":["post-46469","post","type-post","status-publish","format-standard","has-post-thumbnail","hentry","category-policial","tag-featured"],"amp_enabled":true,"_links":{"self":[{"href":"https:\/\/radiostudiow.com.br\/site\/wp-json\/wp\/v2\/posts\/46469","targetHints":{"allow":["GET"]}}],"collection":[{"href":"https:\/\/radiostudiow.com.br\/site\/wp-json\/wp\/v2\/posts"}],"about":[{"href":"https:\/\/radiostudiow.com.br\/site\/wp-json\/wp\/v2\/types\/post"}],"author":[{"embeddable":true,"href":"https:\/\/radiostudiow.com.br\/site\/wp-json\/wp\/v2\/users\/2"}],"replies":[{"embeddable":true,"href":"https:\/\/radiostudiow.com.br\/site\/wp-json\/wp\/v2\/comments?post=46469"}],"version-history":[{"count":1,"href":"https:\/\/radiostudiow.com.br\/site\/wp-json\/wp\/v2\/posts\/46469\/revisions"}],"predecessor-version":[{"id":46470,"href":"https:\/\/radiostudiow.com.br\/site\/wp-json\/wp\/v2\/posts\/46469\/revisions\/46470"}],"wp:featuredmedia":[{"embeddable":true,"href":"https:\/\/radiostudiow.com.br\/site\/wp-json\/wp\/v2\/media\/46204"}],"wp:attachment":[{"href":"https:\/\/radiostudiow.com.br\/site\/wp-json\/wp\/v2\/media?parent=46469"}],"wp:term":[{"taxonomy":"category","embeddable":true,"href":"https:\/\/radiostudiow.com.br\/site\/wp-json\/wp\/v2\/categories?post=46469"},{"taxonomy":"post_tag","embeddable":true,"href":"https:\/\/radiostudiow.com.br\/site\/wp-json\/wp\/v2\/tags?post=46469"}],"curies":[{"name":"wp","href":"https:\/\/api.w.org\/{rel}","templated":true}]}}