{"id":46483,"date":"2026-01-13T16:20:34","date_gmt":"2026-01-13T19:20:34","guid":{"rendered":"https:\/\/radiostudiow.com.br\/site\/?p=46483"},"modified":"2026-01-13T16:20:35","modified_gmt":"2026-01-13T19:20:35","slug":"acidente-com-ambulancia-mobiliza-samu-e-corpo-de-bombeiros-na-br-476-em-paulo-frontin","status":"publish","type":"post","link":"https:\/\/radiostudiow.com.br\/site\/2026\/01\/13\/acidente-com-ambulancia-mobiliza-samu-e-corpo-de-bombeiros-na-br-476-em-paulo-frontin\/","title":{"rendered":"Acidente com ambul\u00e2ncia mobiliza SAMU e Corpo de Bombeiros na BR-476 em Paulo Frontin"},"content":{"rendered":"\n<figure class=\"wp-block-image size-full\"><img loading=\"lazy\" decoding=\"async\" width=\"897\" height=\"204\" src=\"https:\/\/radiostudiow.com.br\/site\/wp-content\/uploads\/2025\/03\/image-62.png\" alt=\"\" class=\"wp-image-35859\" srcset=\"https:\/\/radiostudiow.com.br\/site\/wp-content\/uploads\/2025\/03\/image-62.png 897w, https:\/\/radiostudiow.com.br\/site\/wp-content\/uploads\/2025\/03\/image-62-300x68.png 300w, https:\/\/radiostudiow.com.br\/site\/wp-content\/uploads\/2025\/03\/image-62-768x175.png 768w\" sizes=\"auto, (max-width: 897px) 100vw, 897px\" \/><\/figure>\n\n\n\n<p>Um acidente de tr\u00e2nsito mobilizou equipes do Servi\u00e7o de Atendimento M\u00f3vel de Urg\u00eancia (SAMU) e do Corpo de Bombeiros de S\u00e3o Mateus do Sul na tarde desta ter\u00e7a-feira (13), na rodovia BR-476, na regi\u00e3o do munic\u00edpio de Paulo Frontin.<\/p>\n\n\n\n<p>A ocorr\u00eancia envolveu uma ambul\u00e2ncia da cidade de Clevel\u00e2ndia, que saiu da pista por motivos ainda n\u00e3o informados e colidiu contra uma \u00e1rvore. O ve\u00edculo trafegava pela rodovia quando o motorista perdeu o controle da dire\u00e7\u00e3o, resultando na sa\u00edda de pista.<\/p>\n\n\n\n<p>O condutor da ambul\u00e2ncia foi avaliado pelas equipes de socorro e, apesar do impacto, n\u00e3o sofreu ferimentos graves. Ele j\u00e1 estava fora do ve\u00edculo e apresentou apenas escoria\u00e7\u00f5es leves e estava consciente e orientado, sendo considerado fora de risco. Segundo as informa\u00e7\u00f5es repassadas no local, o motorista passa bem e o acidente resultou apenas em danos materiais e no susto. N\u00e3o havia pacientes na ambul\u00e2ncia.<\/p>\n\n\n\n<p>As circunst\u00e2ncias do acidente dever\u00e3o ser apuradas pelas autoridades competentes.<\/p>\n\n\n\n<figure class=\"wp-block-image size-full\"><img loading=\"lazy\" decoding=\"async\" width=\"731\" height=\"204\" src=\"https:\/\/radiostudiow.com.br\/site\/wp-content\/uploads\/2025\/10\/ZAIONS.png\" alt=\"\" class=\"wp-image-44147\" srcset=\"https:\/\/radiostudiow.com.br\/site\/wp-content\/uploads\/2025\/10\/ZAIONS.png 731w, https:\/\/radiostudiow.com.br\/site\/wp-content\/uploads\/2025\/10\/ZAIONS-300x84.png 300w\" sizes=\"auto, (max-width: 731px) 100vw, 731px\" \/><\/figure>\n","protected":false},"excerpt":{"rendered":"<p>Um acidente de tr\u00e2nsito mobilizou equipes do Servi\u00e7o de Atendimento M\u00f3vel de Urg\u00eancia (SAMU) e do Corpo de Bombeiros de S\u00e3o Mateus do Sul na tarde desta ter\u00e7a-feira (13), na rodovia BR-476, na regi\u00e3o do munic\u00edpio de Paulo Frontin. A ocorr\u00eancia envolveu uma ambul\u00e2ncia da cidade de Clevel\u00e2ndia, que saiu da pista por motivos ainda [&hellip;]<\/p>\n","protected":false},"author":2,"featured_media":46484,"comment_status":"open","ping_status":"open","sticky":false,"template":"","format":"standard","meta":{"footnotes":""},"categories":[185],"tags":[172],"class_list":["post-46483","post","type-post","status-publish","format-standard","has-post-thumbnail","hentry","category-regional","tag-featured"],"amp_enabled":true,"_links":{"self":[{"href":"https:\/\/radiostudiow.com.br\/site\/wp-json\/wp\/v2\/posts\/46483","targetHints":{"allow":["GET"]}}],"collection":[{"href":"https:\/\/radiostudiow.com.br\/site\/wp-json\/wp\/v2\/posts"}],"about":[{"href":"https:\/\/radiostudiow.com.br\/site\/wp-json\/wp\/v2\/types\/post"}],"author":[{"embeddable":true,"href":"https:\/\/radiostudiow.com.br\/site\/wp-json\/wp\/v2\/users\/2"}],"replies":[{"embeddable":true,"href":"https:\/\/radiostudiow.com.br\/site\/wp-json\/wp\/v2\/comments?post=46483"}],"version-history":[{"count":1,"href":"https:\/\/radiostudiow.com.br\/site\/wp-json\/wp\/v2\/posts\/46483\/revisions"}],"predecessor-version":[{"id":46485,"href":"https:\/\/radiostudiow.com.br\/site\/wp-json\/wp\/v2\/posts\/46483\/revisions\/46485"}],"wp:featuredmedia":[{"embeddable":true,"href":"https:\/\/radiostudiow.com.br\/site\/wp-json\/wp\/v2\/media\/46484"}],"wp:attachment":[{"href":"https:\/\/radiostudiow.com.br\/site\/wp-json\/wp\/v2\/media?parent=46483"}],"wp:term":[{"taxonomy":"category","embeddable":true,"href":"https:\/\/radiostudiow.com.br\/site\/wp-json\/wp\/v2\/categories?post=46483"},{"taxonomy":"post_tag","embeddable":true,"href":"https:\/\/radiostudiow.com.br\/site\/wp-json\/wp\/v2\/tags?post=46483"}],"curies":[{"name":"wp","href":"https:\/\/api.w.org\/{rel}","templated":true}]}}