{"id":46491,"date":"2026-01-13T16:55:42","date_gmt":"2026-01-13T19:55:42","guid":{"rendered":"https:\/\/radiostudiow.com.br\/site\/?p=46491"},"modified":"2026-01-13T16:55:42","modified_gmt":"2026-01-13T19:55:42","slug":"reboucas-tem-novo-delegado-da-policia-civil","status":"publish","type":"post","link":"https:\/\/radiostudiow.com.br\/site\/2026\/01\/13\/reboucas-tem-novo-delegado-da-policia-civil\/","title":{"rendered":"Rebou\u00e7as tem novo delegado da Pol\u00edcia Civil"},"content":{"rendered":"\n<figure class=\"wp-block-image size-full\"><img loading=\"lazy\" decoding=\"async\" width=\"731\" height=\"204\" src=\"https:\/\/radiostudiow.com.br\/site\/wp-content\/uploads\/2026\/01\/pax-2026.png\" alt=\"\" class=\"wp-image-46172\" srcset=\"https:\/\/radiostudiow.com.br\/site\/wp-content\/uploads\/2026\/01\/pax-2026.png 731w, https:\/\/radiostudiow.com.br\/site\/wp-content\/uploads\/2026\/01\/pax-2026-300x84.png 300w\" sizes=\"auto, (max-width: 731px) 100vw, 731px\" \/><\/figure>\n\n\n\n<p class=\"has-text-align-center\"><em>Delegado Dr. Itamar Casabranca assume a chefia da Delegacia de Pol\u00edcia Civil, respons\u00e1vel tamb\u00e9m pelo atendimento do munic\u00edpio de Rio Azul.<\/em><\/p>\n\n\n\n<p>O munic\u00edpio de Rebou\u00e7as passa a contar com um novo delegado \u00e0 frente da Delegacia da Pol\u00edcia Civil, que tamb\u00e9m responde pelo atendimento da cidade de Rio Azul. O delegado Dr. Itamar Casabranca assume oficialmente a chefia da unidade, dando continuidade aos trabalhos voltados \u00e0 seguran\u00e7a p\u00fablica na regi\u00e3o.<\/p>\n\n\n\n<p>O novo delegado substitui o Dr. Tiago, que deixa a delegacia local para assumir uma nova fun\u00e7\u00e3o em uma unidade da Regi\u00e3o Metropolitana de Curitiba. Durante sua atua\u00e7\u00e3o em Rebou\u00e7as e Rio Azul, Dr. Tiago desenvolveu importantes a\u00e7\u00f5es no combate \u00e0 criminalidade e no fortalecimento do trabalho integrado com as demais for\u00e7as de seguran\u00e7a.<\/p>\n\n\n\n<figure class=\"wp-block-image size-full\"><img loading=\"lazy\" decoding=\"async\" width=\"598\" height=\"204\" src=\"https:\/\/radiostudiow.com.br\/site\/wp-content\/uploads\/2024\/10\/labirati.png\" alt=\"\" class=\"wp-image-28854\" srcset=\"https:\/\/radiostudiow.com.br\/site\/wp-content\/uploads\/2024\/10\/labirati.png 598w, https:\/\/radiostudiow.com.br\/site\/wp-content\/uploads\/2024\/10\/labirati-300x102.png 300w\" sizes=\"auto, (max-width: 598px) 100vw, 598px\" \/><\/figure>\n\n\n\n<p>A chegada do Dr. Itamar Casabranca \u00e9 recebida com expectativa positiva por autoridades locais e pela comunidade, que aguardam a continuidade dos servi\u00e7os, bem como o refor\u00e7o nas a\u00e7\u00f5es de investiga\u00e7\u00e3o e preven\u00e7\u00e3o.<\/p>\n\n\n\n<p>A Pol\u00edcia Civil informa que os atendimentos seguem normalmente, reafirmando o compromisso com a seguran\u00e7a e o bem-estar da popula\u00e7\u00e3o de Rebou\u00e7as e Rio Azul.<\/p>\n\n\n\n<p class=\"has-text-align-center\"><em>Mat\u00e9ria: Rep\u00f3rter Heverton \/ Portal Alvorada no Ar \/ Foto: Arquivo Pessoal<\/em><\/p>\n","protected":false},"excerpt":{"rendered":"<p>Delegado Dr. Itamar Casabranca assume a chefia da Delegacia de Pol\u00edcia Civil, respons\u00e1vel tamb\u00e9m pelo atendimento do munic\u00edpio de Rio Azul. O munic\u00edpio de Rebou\u00e7as passa a contar com um novo delegado \u00e0 frente da Delegacia da Pol\u00edcia Civil, que tamb\u00e9m responde pelo atendimento da cidade de Rio Azul. O delegado Dr. Itamar Casabranca assume [&hellip;]<\/p>\n","protected":false},"author":2,"featured_media":46492,"comment_status":"open","ping_status":"open","sticky":false,"template":"","format":"standard","meta":{"footnotes":""},"categories":[2],"tags":[172],"class_list":["post-46491","post","type-post","status-publish","format-standard","has-post-thumbnail","hentry","category-policial","tag-featured"],"amp_enabled":true,"_links":{"self":[{"href":"https:\/\/radiostudiow.com.br\/site\/wp-json\/wp\/v2\/posts\/46491","targetHints":{"allow":["GET"]}}],"collection":[{"href":"https:\/\/radiostudiow.com.br\/site\/wp-json\/wp\/v2\/posts"}],"about":[{"href":"https:\/\/radiostudiow.com.br\/site\/wp-json\/wp\/v2\/types\/post"}],"author":[{"embeddable":true,"href":"https:\/\/radiostudiow.com.br\/site\/wp-json\/wp\/v2\/users\/2"}],"replies":[{"embeddable":true,"href":"https:\/\/radiostudiow.com.br\/site\/wp-json\/wp\/v2\/comments?post=46491"}],"version-history":[{"count":1,"href":"https:\/\/radiostudiow.com.br\/site\/wp-json\/wp\/v2\/posts\/46491\/revisions"}],"predecessor-version":[{"id":46493,"href":"https:\/\/radiostudiow.com.br\/site\/wp-json\/wp\/v2\/posts\/46491\/revisions\/46493"}],"wp:featuredmedia":[{"embeddable":true,"href":"https:\/\/radiostudiow.com.br\/site\/wp-json\/wp\/v2\/media\/46492"}],"wp:attachment":[{"href":"https:\/\/radiostudiow.com.br\/site\/wp-json\/wp\/v2\/media?parent=46491"}],"wp:term":[{"taxonomy":"category","embeddable":true,"href":"https:\/\/radiostudiow.com.br\/site\/wp-json\/wp\/v2\/categories?post=46491"},{"taxonomy":"post_tag","embeddable":true,"href":"https:\/\/radiostudiow.com.br\/site\/wp-json\/wp\/v2\/tags?post=46491"}],"curies":[{"name":"wp","href":"https:\/\/api.w.org\/{rel}","templated":true}]}}