{"id":46495,"date":"2026-01-13T17:12:51","date_gmt":"2026-01-13T20:12:51","guid":{"rendered":"https:\/\/radiostudiow.com.br\/site\/?p=46495"},"modified":"2026-01-13T17:12:51","modified_gmt":"2026-01-13T20:12:51","slug":"policia-militar-de-reboucas-atendeu-lesao-corporal-furto-ameaca-e-infracoes-de-transito-gravissimas","status":"publish","type":"post","link":"https:\/\/radiostudiow.com.br\/site\/2026\/01\/13\/policia-militar-de-reboucas-atendeu-lesao-corporal-furto-ameaca-e-infracoes-de-transito-gravissimas\/","title":{"rendered":"Pol\u00edcia Militar de Rebou\u00e7as atendeu les\u00e3o corporal, furto, amea\u00e7a e infra\u00e7\u00f5es de tr\u00e2nsito grav\u00edssimas"},"content":{"rendered":"\n<figure class=\"wp-block-image size-full\"><img loading=\"lazy\" decoding=\"async\" width=\"731\" height=\"204\" src=\"https:\/\/radiostudiow.com.br\/site\/wp-content\/uploads\/2026\/01\/BARROS-2026.png\" alt=\"\" class=\"wp-image-46173\" srcset=\"https:\/\/radiostudiow.com.br\/site\/wp-content\/uploads\/2026\/01\/BARROS-2026.png 731w, https:\/\/radiostudiow.com.br\/site\/wp-content\/uploads\/2026\/01\/BARROS-2026-300x84.png 300w\" sizes=\"auto, (max-width: 731px) 100vw, 731px\" \/><\/figure>\n\n\n\n<blockquote class=\"wp-block-quote is-layout-flow wp-block-quote-is-layout-flow\">\n<p class=\"has-text-align-center\"><em><strong>A equipe da Pol\u00edcia Militar de Rebou\u00e7as atendeu diversas ocorr\u00eancia como les\u00e3o corporal, furto, amea\u00e7a e infra\u00e7\u00f5es de tr\u00e2nsito grav\u00edssimas nessa segunda-feira (12).<\/strong><\/em><\/p>\n<\/blockquote>\n\n\n\n<p>Por volta das 08 horas, os policiais procederam a abordagem de um homem em atitude suspeita, o qual  sob efeito de alcool estava transitando com um autom\u00f3vel pela \u00e1rea central. Durante revista foi constatado tamb\u00e9m que ele n\u00e3o possui CNH, a equipe o encaminhou para teste etilom\u00eatrico, na sequ\u00eancia a delegacia de pol\u00edcia de Rebou\u00e7as para os procedimentos cab\u00edveis.<\/p>\n\n\n\n<p>Por volta das 14 horas, a equipe policial foi acionada para averiguar situa\u00e7\u00e3o na qual um homem havia chegado no hospital com um corte de faca no bra\u00e7o e que estava com tornozeleira eletr\u00f4nica desligada. No local, os policiais entraram em contato com o homem, o mesmo relatou que teve uma briga com seu sobrinho e n\u00e3o tinha interesse em representar, sendo assim, a equipe policial lavrou boletim de ocorr\u00eancia relatando o fato da tornozeleira eletr\u00f4nica e da les\u00e3o corporal.<\/p>\n\n\n\n<figure class=\"wp-block-image size-full\"><img loading=\"lazy\" decoding=\"async\" width=\"598\" height=\"204\" src=\"https:\/\/radiostudiow.com.br\/site\/wp-content\/uploads\/2025\/05\/POLAK.png\" alt=\"\" class=\"wp-image-37847\" srcset=\"https:\/\/radiostudiow.com.br\/site\/wp-content\/uploads\/2025\/05\/POLAK.png 598w, https:\/\/radiostudiow.com.br\/site\/wp-content\/uploads\/2025\/05\/POLAK-300x102.png 300w\" sizes=\"auto, (max-width: 598px) 100vw, 598px\" \/><\/figure>\n\n\n\n<p>Por volta das 15 horas no bairro Vila Fac\u00e3o, a equipe policial foi acionada para averiguar situa\u00e7\u00e3o de furto. No local, em contato com o solicitante foi relatado que deixava sua chave da casa para outro homem utilizar o banheiro. Quando notou que seu aparelho telefonico n\u00e3o estava mais l\u00e1. A equipe policial realizou buscas, por\u00e9m sem \u00eaxito em localizar. Foram feitas orienta\u00e7\u00f5es quanto aos procedimentos que podem ser adotados.<\/p>\n\n\n\n<p>Por volta das 19 horas no bairro Vila Ester, a equipe policial foi acionada para averiguar situa\u00e7\u00e3o na qual um homem estaria amea\u00e7ando com uma faca outro homem. No local, os policiais conversaram com o solicitante, foi relatado que um vizinho foi at\u00e9 sua resid\u00eancia e o amea\u00e7ou, na sequ\u00eancia iniciaram uma briga e seu vizinho sacou uma faca, desferindo alguns golpes. A equipe policial realizou patrulhamentos em procura do suspeito, por\u00e9m sem \u00eaxito. Foram realizadas as devidas orienta\u00e7\u00f5es quanto aos procedimentos que podem ser adotados.<\/p>\n\n\n\n<p><\/p>\n","protected":false},"excerpt":{"rendered":"<p>A equipe da Pol\u00edcia Militar de Rebou\u00e7as atendeu diversas ocorr\u00eancia como les\u00e3o corporal, furto, amea\u00e7a e infra\u00e7\u00f5es de tr\u00e2nsito grav\u00edssimas nessa segunda-feira (12). Por volta das 08 horas, os policiais procederam a abordagem de um homem em atitude suspeita, o qual sob efeito de alcool estava transitando com um autom\u00f3vel pela \u00e1rea central. Durante revista [&hellip;]<\/p>\n","protected":false},"author":2,"featured_media":32852,"comment_status":"open","ping_status":"open","sticky":false,"template":"","format":"standard","meta":{"footnotes":""},"categories":[2],"tags":[172],"class_list":["post-46495","post","type-post","status-publish","format-standard","has-post-thumbnail","hentry","category-policial","tag-featured"],"amp_enabled":true,"_links":{"self":[{"href":"https:\/\/radiostudiow.com.br\/site\/wp-json\/wp\/v2\/posts\/46495","targetHints":{"allow":["GET"]}}],"collection":[{"href":"https:\/\/radiostudiow.com.br\/site\/wp-json\/wp\/v2\/posts"}],"about":[{"href":"https:\/\/radiostudiow.com.br\/site\/wp-json\/wp\/v2\/types\/post"}],"author":[{"embeddable":true,"href":"https:\/\/radiostudiow.com.br\/site\/wp-json\/wp\/v2\/users\/2"}],"replies":[{"embeddable":true,"href":"https:\/\/radiostudiow.com.br\/site\/wp-json\/wp\/v2\/comments?post=46495"}],"version-history":[{"count":2,"href":"https:\/\/radiostudiow.com.br\/site\/wp-json\/wp\/v2\/posts\/46495\/revisions"}],"predecessor-version":[{"id":46498,"href":"https:\/\/radiostudiow.com.br\/site\/wp-json\/wp\/v2\/posts\/46495\/revisions\/46498"}],"wp:featuredmedia":[{"embeddable":true,"href":"https:\/\/radiostudiow.com.br\/site\/wp-json\/wp\/v2\/media\/32852"}],"wp:attachment":[{"href":"https:\/\/radiostudiow.com.br\/site\/wp-json\/wp\/v2\/media?parent=46495"}],"wp:term":[{"taxonomy":"category","embeddable":true,"href":"https:\/\/radiostudiow.com.br\/site\/wp-json\/wp\/v2\/categories?post=46495"},{"taxonomy":"post_tag","embeddable":true,"href":"https:\/\/radiostudiow.com.br\/site\/wp-json\/wp\/v2\/tags?post=46495"}],"curies":[{"name":"wp","href":"https:\/\/api.w.org\/{rel}","templated":true}]}}