{"id":46508,"date":"2026-01-14T09:45:11","date_gmt":"2026-01-14T12:45:11","guid":{"rendered":"https:\/\/radiostudiow.com.br\/site\/?p=46508"},"modified":"2026-01-14T09:45:11","modified_gmt":"2026-01-14T12:45:11","slug":"policia-militar-prende-homem-em-situacao-de-violencia-domestica-em-sao-joao-do-triunfo","status":"publish","type":"post","link":"https:\/\/radiostudiow.com.br\/site\/2026\/01\/14\/policia-militar-prende-homem-em-situacao-de-violencia-domestica-em-sao-joao-do-triunfo\/","title":{"rendered":"Pol\u00edcia Militar prende homem em situa\u00e7\u00e3o de viol\u00eancia dom\u00e9stica em S\u00e3o Jo\u00e3o do Triunfo"},"content":{"rendered":"\n<figure class=\"wp-block-image size-full\"><img loading=\"lazy\" decoding=\"async\" width=\"731\" height=\"204\" src=\"https:\/\/radiostudiow.com.br\/site\/wp-content\/uploads\/2026\/01\/BARROS-2026.png\" alt=\"\" class=\"wp-image-46173\" srcset=\"https:\/\/radiostudiow.com.br\/site\/wp-content\/uploads\/2026\/01\/BARROS-2026.png 731w, https:\/\/radiostudiow.com.br\/site\/wp-content\/uploads\/2026\/01\/BARROS-2026-300x84.png 300w\" sizes=\"auto, (max-width: 731px) 100vw, 731px\" \/><\/figure>\n\n\n\n<p>A equipe da Pol\u00edcia Militar deu atendimento em uma situa\u00e7\u00e3o envolvendo viol\u00eancia dom\u00e9stica na localidade Baixada por volta das 22 horas dessa ter\u00e7a-feira (13).<\/p>\n\n\n\n<p>A v\u00edtima relatou ter sido agredida fisicamente e tamb\u00e9m amea\u00e7ada pelo autor.<\/p>\n\n\n\n<p>O homem foi preso em flagrante pelo crime de les\u00e3o corporal\/viol\u00eancia dom\u00e9stica sendo encaminhado para a 3\u00aa SDP de S\u00e3o Mateus do Sul para que sejam adotadas as provid\u00eancias de Pol\u00edcia Judici\u00e1ria.<\/p>\n\n\n\n<figure class=\"wp-block-image size-full\"><img loading=\"lazy\" decoding=\"async\" width=\"598\" height=\"204\" src=\"https:\/\/radiostudiow.com.br\/site\/wp-content\/uploads\/2024\/10\/labirati.png\" alt=\"\" class=\"wp-image-28854\" srcset=\"https:\/\/radiostudiow.com.br\/site\/wp-content\/uploads\/2024\/10\/labirati.png 598w, https:\/\/radiostudiow.com.br\/site\/wp-content\/uploads\/2024\/10\/labirati-300x102.png 300w\" sizes=\"auto, (max-width: 598px) 100vw, 598px\" \/><\/figure>\n","protected":false},"excerpt":{"rendered":"<p>A equipe da Pol\u00edcia Militar deu atendimento em uma situa\u00e7\u00e3o envolvendo viol\u00eancia dom\u00e9stica na localidade Baixada por volta das 22 horas dessa ter\u00e7a-feira (13). A v\u00edtima relatou ter sido agredida fisicamente e tamb\u00e9m amea\u00e7ada pelo autor. O homem foi preso em flagrante pelo crime de les\u00e3o corporal\/viol\u00eancia dom\u00e9stica sendo encaminhado para a 3\u00aa SDP de [&hellip;]<\/p>\n","protected":false},"author":2,"featured_media":42349,"comment_status":"open","ping_status":"open","sticky":false,"template":"","format":"standard","meta":{"footnotes":""},"categories":[2],"tags":[172],"class_list":["post-46508","post","type-post","status-publish","format-standard","has-post-thumbnail","hentry","category-policial","tag-featured"],"amp_enabled":true,"_links":{"self":[{"href":"https:\/\/radiostudiow.com.br\/site\/wp-json\/wp\/v2\/posts\/46508","targetHints":{"allow":["GET"]}}],"collection":[{"href":"https:\/\/radiostudiow.com.br\/site\/wp-json\/wp\/v2\/posts"}],"about":[{"href":"https:\/\/radiostudiow.com.br\/site\/wp-json\/wp\/v2\/types\/post"}],"author":[{"embeddable":true,"href":"https:\/\/radiostudiow.com.br\/site\/wp-json\/wp\/v2\/users\/2"}],"replies":[{"embeddable":true,"href":"https:\/\/radiostudiow.com.br\/site\/wp-json\/wp\/v2\/comments?post=46508"}],"version-history":[{"count":1,"href":"https:\/\/radiostudiow.com.br\/site\/wp-json\/wp\/v2\/posts\/46508\/revisions"}],"predecessor-version":[{"id":46509,"href":"https:\/\/radiostudiow.com.br\/site\/wp-json\/wp\/v2\/posts\/46508\/revisions\/46509"}],"wp:featuredmedia":[{"embeddable":true,"href":"https:\/\/radiostudiow.com.br\/site\/wp-json\/wp\/v2\/media\/42349"}],"wp:attachment":[{"href":"https:\/\/radiostudiow.com.br\/site\/wp-json\/wp\/v2\/media?parent=46508"}],"wp:term":[{"taxonomy":"category","embeddable":true,"href":"https:\/\/radiostudiow.com.br\/site\/wp-json\/wp\/v2\/categories?post=46508"},{"taxonomy":"post_tag","embeddable":true,"href":"https:\/\/radiostudiow.com.br\/site\/wp-json\/wp\/v2\/tags?post=46508"}],"curies":[{"name":"wp","href":"https:\/\/api.w.org\/{rel}","templated":true}]}}