{"id":46513,"date":"2026-01-14T10:07:01","date_gmt":"2026-01-14T13:07:01","guid":{"rendered":"https:\/\/radiostudiow.com.br\/site\/?p=46513"},"modified":"2026-01-14T10:07:02","modified_gmt":"2026-01-14T13:07:02","slug":"policia-militar-de-mallet-cumpre-mandado-de-prisao-no-centro-da-cidade","status":"publish","type":"post","link":"https:\/\/radiostudiow.com.br\/site\/2026\/01\/14\/policia-militar-de-mallet-cumpre-mandado-de-prisao-no-centro-da-cidade\/","title":{"rendered":"Pol\u00edcia Militar de Mallet cumpre mandado de pris\u00e3o no Centro da cidade"},"content":{"rendered":"\n<figure class=\"wp-block-image size-full\"><img loading=\"lazy\" decoding=\"async\" width=\"897\" height=\"204\" src=\"https:\/\/radiostudiow.com.br\/site\/wp-content\/uploads\/2025\/03\/image-62.png\" alt=\"\" class=\"wp-image-35859\" srcset=\"https:\/\/radiostudiow.com.br\/site\/wp-content\/uploads\/2025\/03\/image-62.png 897w, https:\/\/radiostudiow.com.br\/site\/wp-content\/uploads\/2025\/03\/image-62-300x68.png 300w, https:\/\/radiostudiow.com.br\/site\/wp-content\/uploads\/2025\/03\/image-62-768x175.png 768w\" sizes=\"auto, (max-width: 897px) 100vw, 897px\" \/><\/figure>\n\n\n\n<p>A Pol\u00edcia Militar de Mallet cumpriu um mandado de pris\u00e3o na noite desta ter\u00e7a-feira (13), por volta das 22h, na \u00e1rea central do munic\u00edpio.<\/p>\n\n\n\n<p>De acordo com informa\u00e7\u00f5es da 2\u00aa Companhia do 3\u00ba Pelot\u00e3o da Pol\u00edcia Militar, a equipe tomou conhecimento de um mandado de pris\u00e3o em aberto contra um homem e passou a realizar dilig\u00eancias com o objetivo de localizar o indiv\u00edduo.<\/p>\n\n\n\n<p>Durante as buscas, os policiais obtiveram \u00eaxito em localizar o suspeito em um beco situado na regi\u00e3o central da cidade.<\/p>\n\n\n\n<p>Ap\u00f3s a abordagem, o homem foi informado sobre a exist\u00eancia do mandado de pris\u00e3o e os motivos da a\u00e7\u00e3o policial.<\/p>\n\n\n\n<p>Em seguida, ele foi detido e encaminhado para a cidade de Uni\u00e3o da Vit\u00f3ria, onde ficou \u00e0 disposi\u00e7\u00e3o do Departamento de Pol\u00edcia Penal do Paran\u00e1 (Deppen), para os procedimentos legais cab\u00edveis.<\/p>\n\n\n\n<figure class=\"wp-block-image size-full\"><img loading=\"lazy\" decoding=\"async\" width=\"598\" height=\"204\" src=\"https:\/\/radiostudiow.com.br\/site\/wp-content\/uploads\/2025\/05\/POLAK.png\" alt=\"\" class=\"wp-image-37847\" srcset=\"https:\/\/radiostudiow.com.br\/site\/wp-content\/uploads\/2025\/05\/POLAK.png 598w, https:\/\/radiostudiow.com.br\/site\/wp-content\/uploads\/2025\/05\/POLAK-300x102.png 300w\" sizes=\"auto, (max-width: 598px) 100vw, 598px\" \/><\/figure>\n","protected":false},"excerpt":{"rendered":"<p>A Pol\u00edcia Militar de Mallet cumpriu um mandado de pris\u00e3o na noite desta ter\u00e7a-feira (13), por volta das 22h, na \u00e1rea central do munic\u00edpio. De acordo com informa\u00e7\u00f5es da 2\u00aa Companhia do 3\u00ba Pelot\u00e3o da Pol\u00edcia Militar, a equipe tomou conhecimento de um mandado de pris\u00e3o em aberto contra um homem e passou a realizar [&hellip;]<\/p>\n","protected":false},"author":2,"featured_media":34163,"comment_status":"open","ping_status":"open","sticky":false,"template":"","format":"standard","meta":{"footnotes":""},"categories":[2],"tags":[172],"class_list":["post-46513","post","type-post","status-publish","format-standard","has-post-thumbnail","hentry","category-policial","tag-featured"],"amp_enabled":true,"_links":{"self":[{"href":"https:\/\/radiostudiow.com.br\/site\/wp-json\/wp\/v2\/posts\/46513","targetHints":{"allow":["GET"]}}],"collection":[{"href":"https:\/\/radiostudiow.com.br\/site\/wp-json\/wp\/v2\/posts"}],"about":[{"href":"https:\/\/radiostudiow.com.br\/site\/wp-json\/wp\/v2\/types\/post"}],"author":[{"embeddable":true,"href":"https:\/\/radiostudiow.com.br\/site\/wp-json\/wp\/v2\/users\/2"}],"replies":[{"embeddable":true,"href":"https:\/\/radiostudiow.com.br\/site\/wp-json\/wp\/v2\/comments?post=46513"}],"version-history":[{"count":1,"href":"https:\/\/radiostudiow.com.br\/site\/wp-json\/wp\/v2\/posts\/46513\/revisions"}],"predecessor-version":[{"id":46514,"href":"https:\/\/radiostudiow.com.br\/site\/wp-json\/wp\/v2\/posts\/46513\/revisions\/46514"}],"wp:featuredmedia":[{"embeddable":true,"href":"https:\/\/radiostudiow.com.br\/site\/wp-json\/wp\/v2\/media\/34163"}],"wp:attachment":[{"href":"https:\/\/radiostudiow.com.br\/site\/wp-json\/wp\/v2\/media?parent=46513"}],"wp:term":[{"taxonomy":"category","embeddable":true,"href":"https:\/\/radiostudiow.com.br\/site\/wp-json\/wp\/v2\/categories?post=46513"},{"taxonomy":"post_tag","embeddable":true,"href":"https:\/\/radiostudiow.com.br\/site\/wp-json\/wp\/v2\/tags?post=46513"}],"curies":[{"name":"wp","href":"https:\/\/api.w.org\/{rel}","templated":true}]}}