{"id":46515,"date":"2026-01-14T10:10:13","date_gmt":"2026-01-14T13:10:13","guid":{"rendered":"https:\/\/radiostudiow.com.br\/site\/?p=46515"},"modified":"2026-01-14T10:10:14","modified_gmt":"2026-01-14T13:10:14","slug":"incendio-destroi-casa-de-madeira-durante-a-madrugada-em-prudentopolis","status":"publish","type":"post","link":"https:\/\/radiostudiow.com.br\/site\/2026\/01\/14\/incendio-destroi-casa-de-madeira-durante-a-madrugada-em-prudentopolis\/","title":{"rendered":"Inc\u00eandio destr\u00f3i casa de madeira durante a madrugada em Prudent\u00f3polis"},"content":{"rendered":"\n<figure class=\"wp-block-image size-full\"><img loading=\"lazy\" decoding=\"async\" width=\"598\" height=\"204\" src=\"https:\/\/radiostudiow.com.br\/site\/wp-content\/uploads\/2024\/01\/SITE-MEDIO.png\" alt=\"\" class=\"wp-image-18916\" srcset=\"https:\/\/radiostudiow.com.br\/site\/wp-content\/uploads\/2024\/01\/SITE-MEDIO.png 598w, https:\/\/radiostudiow.com.br\/site\/wp-content\/uploads\/2024\/01\/SITE-MEDIO-300x102.png 300w\" sizes=\"auto, (max-width: 598px) 100vw, 598px\" \/><\/figure>\n\n\n\n<p>Uma resid\u00eancia de madeira foi totalmente destru\u00edda por um inc\u00eandio na madrugada desta quarta-feira (14), no munic\u00edpio de Prudent\u00f3polis.<\/p>\n\n\n\n<p>A ocorr\u00eancia foi registrada por volta das 0h15, ap\u00f3s acionamento do Corpo de Bombeiros pelo telefone de emerg\u00eancia 193.<\/p>\n\n\n\n<p>De acordo com o Corpo de Bombeiros Militar do Paran\u00e1 (CBMPR), o inc\u00eandio atingiu uma casa localizada na Rua Dom Pedro II, n\u00ba 600, no bairro Vila Beraldo. O im\u00f3vel possu\u00eda aproximadamente 60 metros quadrados de \u00e1rea constru\u00edda, sendo completamente consumido pelas chamas.<\/p>\n\n\n\n<figure class=\"wp-block-gallery has-nested-images columns-default is-cropped wp-block-gallery-1 is-layout-flex wp-block-gallery-is-layout-flex\">\n<figure class=\"wp-block-image size-large\"><img loading=\"lazy\" decoding=\"async\" width=\"1024\" height=\"591\" data-id=\"42556\" src=\"https:\/\/radiostudiow.com.br\/site\/wp-content\/uploads\/2025\/09\/image-61.png\" alt=\"\" class=\"wp-image-42556\" srcset=\"https:\/\/radiostudiow.com.br\/site\/wp-content\/uploads\/2025\/09\/image-61.png 1024w, https:\/\/radiostudiow.com.br\/site\/wp-content\/uploads\/2025\/09\/image-61-300x173.png 300w, https:\/\/radiostudiow.com.br\/site\/wp-content\/uploads\/2025\/09\/image-61-768x443.png 768w\" sizes=\"auto, (max-width: 1024px) 100vw, 1024px\" \/><\/figure>\n\n\n\n<figure class=\"wp-block-image size-large\"><img loading=\"lazy\" decoding=\"async\" width=\"1024\" height=\"591\" data-id=\"42859\" src=\"https:\/\/radiostudiow.com.br\/site\/wp-content\/uploads\/2025\/09\/CASA-DO-CRIADOR.png\" alt=\"\" class=\"wp-image-42859\" srcset=\"https:\/\/radiostudiow.com.br\/site\/wp-content\/uploads\/2025\/09\/CASA-DO-CRIADOR.png 1024w, https:\/\/radiostudiow.com.br\/site\/wp-content\/uploads\/2025\/09\/CASA-DO-CRIADOR-300x173.png 300w, https:\/\/radiostudiow.com.br\/site\/wp-content\/uploads\/2025\/09\/CASA-DO-CRIADOR-768x443.png 768w\" sizes=\"auto, (max-width: 1024px) 100vw, 1024px\" \/><\/figure>\n<\/figure>\n\n\n\n<p>No momento do inc\u00eandio, o morador n\u00e3o se encontrava na resid\u00eancia. Apesar dos danos materiais, n\u00e3o houve registro de v\u00edtimas.<\/p>\n\n\n\n<p>A equipe do Corpo de Bombeiros realizou o combate ao fogo sem intercorr\u00eancias e informou que foi necess\u00e1rio o reabastecimento do caminh\u00e3o para a fase de rescaldo.<\/p>\n\n\n\n<p>Segundo os bombeiros, n\u00e3o houve risco de propaga\u00e7\u00e3o do inc\u00eandio para outras resid\u00eancias pr\u00f3ximas.<br>A causa prov\u00e1vel do inc\u00eandio, conforme levantamento preliminar, teria sido uma vela acesa deixada no interior da casa.<\/p>\n\n\n\n<p class=\"has-text-align-center\"><em>Informa\u00e7\u00f5es: Rep\u00f3rter Kiko de Oliveira<\/em><\/p>\n","protected":false},"excerpt":{"rendered":"<p>Uma resid\u00eancia de madeira foi totalmente destru\u00edda por um inc\u00eandio na madrugada desta quarta-feira (14), no munic\u00edpio de Prudent\u00f3polis. A ocorr\u00eancia foi registrada por volta das 0h15, ap\u00f3s acionamento do Corpo de Bombeiros pelo telefone de emerg\u00eancia 193. De acordo com o Corpo de Bombeiros Militar do Paran\u00e1 (CBMPR), o inc\u00eandio atingiu uma casa localizada [&hellip;]<\/p>\n","protected":false},"author":2,"featured_media":46516,"comment_status":"open","ping_status":"open","sticky":false,"template":"","format":"standard","meta":{"footnotes":""},"categories":[185],"tags":[172],"class_list":["post-46515","post","type-post","status-publish","format-standard","has-post-thumbnail","hentry","category-regional","tag-featured"],"amp_enabled":true,"_links":{"self":[{"href":"https:\/\/radiostudiow.com.br\/site\/wp-json\/wp\/v2\/posts\/46515","targetHints":{"allow":["GET"]}}],"collection":[{"href":"https:\/\/radiostudiow.com.br\/site\/wp-json\/wp\/v2\/posts"}],"about":[{"href":"https:\/\/radiostudiow.com.br\/site\/wp-json\/wp\/v2\/types\/post"}],"author":[{"embeddable":true,"href":"https:\/\/radiostudiow.com.br\/site\/wp-json\/wp\/v2\/users\/2"}],"replies":[{"embeddable":true,"href":"https:\/\/radiostudiow.com.br\/site\/wp-json\/wp\/v2\/comments?post=46515"}],"version-history":[{"count":1,"href":"https:\/\/radiostudiow.com.br\/site\/wp-json\/wp\/v2\/posts\/46515\/revisions"}],"predecessor-version":[{"id":46517,"href":"https:\/\/radiostudiow.com.br\/site\/wp-json\/wp\/v2\/posts\/46515\/revisions\/46517"}],"wp:featuredmedia":[{"embeddable":true,"href":"https:\/\/radiostudiow.com.br\/site\/wp-json\/wp\/v2\/media\/46516"}],"wp:attachment":[{"href":"https:\/\/radiostudiow.com.br\/site\/wp-json\/wp\/v2\/media?parent=46515"}],"wp:term":[{"taxonomy":"category","embeddable":true,"href":"https:\/\/radiostudiow.com.br\/site\/wp-json\/wp\/v2\/categories?post=46515"},{"taxonomy":"post_tag","embeddable":true,"href":"https:\/\/radiostudiow.com.br\/site\/wp-json\/wp\/v2\/tags?post=46515"}],"curies":[{"name":"wp","href":"https:\/\/api.w.org\/{rel}","templated":true}]}}