{"id":46527,"date":"2026-01-14T10:55:45","date_gmt":"2026-01-14T13:55:45","guid":{"rendered":"https:\/\/radiostudiow.com.br\/site\/?p=46527"},"modified":"2026-01-14T10:55:46","modified_gmt":"2026-01-14T13:55:46","slug":"tres-ficam-feridos-em-colisao-seguida-de-capotamento-na-pr-151-em-palmeira","status":"publish","type":"post","link":"https:\/\/radiostudiow.com.br\/site\/2026\/01\/14\/tres-ficam-feridos-em-colisao-seguida-de-capotamento-na-pr-151-em-palmeira\/","title":{"rendered":"Tr\u00eas ficam feridos em colis\u00e3o seguida de capotamento na PR-151 em Palmeira"},"content":{"rendered":"\n<figure class=\"wp-block-gallery has-nested-images columns-default is-cropped wp-block-gallery-1 is-layout-flex wp-block-gallery-is-layout-flex\">\n<figure class=\"wp-block-image size-large\"><img loading=\"lazy\" decoding=\"async\" width=\"300\" height=\"180\" data-id=\"38014\" src=\"https:\/\/radiostudiow.com.br\/site\/wp-content\/uploads\/2025\/05\/VANE.png\" alt=\"\" class=\"wp-image-38014\"\/><\/figure>\n\n\n\n<figure class=\"wp-block-image size-large\"><img loading=\"lazy\" decoding=\"async\" width=\"300\" height=\"180\" data-id=\"37219\" src=\"https:\/\/radiostudiow.com.br\/site\/wp-content\/uploads\/2025\/04\/AGRODU.png\" alt=\"\" class=\"wp-image-37219\"\/><\/figure>\n<\/figure>\n\n\n\n<p>Tr\u00eas pessoas ficaram feridas ap\u00f3s uma colis\u00e3o frontal com caminh\u00e3o, seguida de capotamento, na PR-151, no munic\u00edpio de Palmeira durante a tarde dessa ter\u00e7a-feira (13). Uma das v\u00edtimas \u00e9 uma adolescente de 12 anos.<\/p>\n\n\n\n<p>Conforme a Pol\u00edcia Rodovi\u00e1ria Estadual (PRE), o caminh\u00e3o&nbsp;volvo\/FH 500 8X2T, com placas de Vila Maria (RS), seguia&nbsp;pela rodovia sentido Palmeira &#8211; S\u00e3o Jo\u00e3o do Triunfo, quando, ao alcan\u00e7ar o km 389, se envolveu em uma colis\u00e3o frontal com o carro&nbsp;Chevrolet Traker,&nbsp;que transitava no sentido contr\u00e1rio da via.<\/p>\n\n\n\n<p>Devido ao impacto da batida, o carro rodou na pista e capotou, parando com as rodas para cima, ap\u00f3s o acidente. O condutor, de 34 anos e as duas passageiras do carro, de 48 e 12 anos, sofreram ferimentos moderados. O motorista do caminh\u00e3o, de 47 anos, n\u00e3o ficou ferido.<\/p>\n\n\n\n<p class=\"has-text-align-center\"><em>Da reda\u00e7\u00e3o ARede<\/em><\/p>\n\n\n\n<p><\/p>\n","protected":false},"excerpt":{"rendered":"<p>Tr\u00eas pessoas ficaram feridas ap\u00f3s uma colis\u00e3o frontal com caminh\u00e3o, seguida de capotamento, na PR-151, no munic\u00edpio de Palmeira durante a tarde dessa ter\u00e7a-feira (13). Uma das v\u00edtimas \u00e9 uma adolescente de 12 anos. Conforme a Pol\u00edcia Rodovi\u00e1ria Estadual (PRE), o caminh\u00e3o&nbsp;volvo\/FH 500 8X2T, com placas de Vila Maria (RS), seguia&nbsp;pela rodovia sentido Palmeira &#8211; [&hellip;]<\/p>\n","protected":false},"author":2,"featured_media":46528,"comment_status":"open","ping_status":"open","sticky":false,"template":"","format":"standard","meta":{"footnotes":""},"categories":[185],"tags":[172],"class_list":["post-46527","post","type-post","status-publish","format-standard","has-post-thumbnail","hentry","category-regional","tag-featured"],"amp_enabled":true,"_links":{"self":[{"href":"https:\/\/radiostudiow.com.br\/site\/wp-json\/wp\/v2\/posts\/46527","targetHints":{"allow":["GET"]}}],"collection":[{"href":"https:\/\/radiostudiow.com.br\/site\/wp-json\/wp\/v2\/posts"}],"about":[{"href":"https:\/\/radiostudiow.com.br\/site\/wp-json\/wp\/v2\/types\/post"}],"author":[{"embeddable":true,"href":"https:\/\/radiostudiow.com.br\/site\/wp-json\/wp\/v2\/users\/2"}],"replies":[{"embeddable":true,"href":"https:\/\/radiostudiow.com.br\/site\/wp-json\/wp\/v2\/comments?post=46527"}],"version-history":[{"count":1,"href":"https:\/\/radiostudiow.com.br\/site\/wp-json\/wp\/v2\/posts\/46527\/revisions"}],"predecessor-version":[{"id":46529,"href":"https:\/\/radiostudiow.com.br\/site\/wp-json\/wp\/v2\/posts\/46527\/revisions\/46529"}],"wp:featuredmedia":[{"embeddable":true,"href":"https:\/\/radiostudiow.com.br\/site\/wp-json\/wp\/v2\/media\/46528"}],"wp:attachment":[{"href":"https:\/\/radiostudiow.com.br\/site\/wp-json\/wp\/v2\/media?parent=46527"}],"wp:term":[{"taxonomy":"category","embeddable":true,"href":"https:\/\/radiostudiow.com.br\/site\/wp-json\/wp\/v2\/categories?post=46527"},{"taxonomy":"post_tag","embeddable":true,"href":"https:\/\/radiostudiow.com.br\/site\/wp-json\/wp\/v2\/tags?post=46527"}],"curies":[{"name":"wp","href":"https:\/\/api.w.org\/{rel}","templated":true}]}}