{"id":46530,"date":"2026-01-14T11:01:07","date_gmt":"2026-01-14T14:01:07","guid":{"rendered":"https:\/\/radiostudiow.com.br\/site\/?p=46530"},"modified":"2026-01-14T11:01:08","modified_gmt":"2026-01-14T14:01:08","slug":"homem-compra-caminhao-com-alerta-de-furto-e-vai-preso-na-br-277-em-palmeira","status":"publish","type":"post","link":"https:\/\/radiostudiow.com.br\/site\/2026\/01\/14\/homem-compra-caminhao-com-alerta-de-furto-e-vai-preso-na-br-277-em-palmeira\/","title":{"rendered":"Homem compra caminh\u00e3o com alerta de furto e vai preso na BR-277 em Palmeira"},"content":{"rendered":"\n<figure class=\"wp-block-image size-full\"><img loading=\"lazy\" decoding=\"async\" width=\"731\" height=\"204\" src=\"https:\/\/radiostudiow.com.br\/site\/wp-content\/uploads\/2025\/10\/ZAIONS.png\" alt=\"\" class=\"wp-image-44147\" srcset=\"https:\/\/radiostudiow.com.br\/site\/wp-content\/uploads\/2025\/10\/ZAIONS.png 731w, https:\/\/radiostudiow.com.br\/site\/wp-content\/uploads\/2025\/10\/ZAIONS-300x84.png 300w\" sizes=\"auto, (max-width: 731px) 100vw, 731px\" \/><\/figure>\n\n\n\n<p>Um caminh\u00e3o furtado no munic\u00edpio da Lapa foi localizado em Palmeira, na noite dessa ter\u00e7a-feira (13), ap\u00f3s um alerta emitido durante uma inspe\u00e7\u00e3o veicular em Ponta Grossa. O tac\u00f3grafo do ve\u00edculo indicou registro de furto, permitindo a identifica\u00e7\u00e3o e a comunica\u00e7\u00e3o ao propriet\u00e1rio.<\/p>\n\n\n\n<p>A equipe da Pol\u00edcia Militar localizou o caminh\u00e3o em uma \u00e1rea rural do munic\u00edpio de Palmeira, onde estava com placas adulteradas. O homem, que estava em posse do ve\u00edculo, alegou ter adquirido o caminh\u00e3o em uma negocia\u00e7\u00e3o envolvendo outro ve\u00edculo e pagamento em dinheiro, afirmando ter tomado conhecimento do furto apenas no momento da inspe\u00e7\u00e3o.<\/p>\n\n\n\n<p>Diante dos fatos, ele recebeu voz de pris\u00e3o, sendo encaminhado \u00e0 delegacia, juntamente do caminh\u00e3o recuperado, para as provid\u00eancias cab\u00edveis.<\/p>\n\n\n\n<p class=\"has-text-align-center\"><em>Da reda\u00e7\u00e3o ARede<\/em><\/p>\n\n\n\n<figure class=\"wp-block-gallery has-nested-images columns-default is-cropped wp-block-gallery-1 is-layout-flex wp-block-gallery-is-layout-flex\">\n<figure class=\"wp-block-image size-large\"><img loading=\"lazy\" decoding=\"async\" width=\"300\" height=\"180\" data-id=\"39582\" src=\"https:\/\/radiostudiow.com.br\/site\/wp-content\/uploads\/2025\/06\/PLAY-HALL.png\" alt=\"\" class=\"wp-image-39582\"\/><\/figure>\n\n\n\n<figure class=\"wp-block-image size-large\"><img decoding=\"async\" data-id=\"44123\" src=\"https:\/\/radiostudiow.com.br\/site\/wp-content\/uploads\/2025\/10\/SUPREMA-BARBA.png\" alt=\"\" class=\"wp-image-44123\"\/><\/figure>\n<\/figure>\n","protected":false},"excerpt":{"rendered":"<p>Um caminh\u00e3o furtado no munic\u00edpio da Lapa foi localizado em Palmeira, na noite dessa ter\u00e7a-feira (13), ap\u00f3s um alerta emitido durante uma inspe\u00e7\u00e3o veicular em Ponta Grossa. O tac\u00f3grafo do ve\u00edculo indicou registro de furto, permitindo a identifica\u00e7\u00e3o e a comunica\u00e7\u00e3o ao propriet\u00e1rio. A equipe da Pol\u00edcia Militar localizou o caminh\u00e3o em uma \u00e1rea rural [&hellip;]<\/p>\n","protected":false},"author":2,"featured_media":1357,"comment_status":"open","ping_status":"open","sticky":false,"template":"","format":"standard","meta":{"footnotes":""},"categories":[2],"tags":[172],"class_list":["post-46530","post","type-post","status-publish","format-standard","has-post-thumbnail","hentry","category-policial","tag-featured"],"amp_enabled":true,"_links":{"self":[{"href":"https:\/\/radiostudiow.com.br\/site\/wp-json\/wp\/v2\/posts\/46530","targetHints":{"allow":["GET"]}}],"collection":[{"href":"https:\/\/radiostudiow.com.br\/site\/wp-json\/wp\/v2\/posts"}],"about":[{"href":"https:\/\/radiostudiow.com.br\/site\/wp-json\/wp\/v2\/types\/post"}],"author":[{"embeddable":true,"href":"https:\/\/radiostudiow.com.br\/site\/wp-json\/wp\/v2\/users\/2"}],"replies":[{"embeddable":true,"href":"https:\/\/radiostudiow.com.br\/site\/wp-json\/wp\/v2\/comments?post=46530"}],"version-history":[{"count":1,"href":"https:\/\/radiostudiow.com.br\/site\/wp-json\/wp\/v2\/posts\/46530\/revisions"}],"predecessor-version":[{"id":46531,"href":"https:\/\/radiostudiow.com.br\/site\/wp-json\/wp\/v2\/posts\/46530\/revisions\/46531"}],"wp:featuredmedia":[{"embeddable":true,"href":"https:\/\/radiostudiow.com.br\/site\/wp-json\/wp\/v2\/media\/1357"}],"wp:attachment":[{"href":"https:\/\/radiostudiow.com.br\/site\/wp-json\/wp\/v2\/media?parent=46530"}],"wp:term":[{"taxonomy":"category","embeddable":true,"href":"https:\/\/radiostudiow.com.br\/site\/wp-json\/wp\/v2\/categories?post=46530"},{"taxonomy":"post_tag","embeddable":true,"href":"https:\/\/radiostudiow.com.br\/site\/wp-json\/wp\/v2\/tags?post=46530"}],"curies":[{"name":"wp","href":"https:\/\/api.w.org\/{rel}","templated":true}]}}