{"id":46541,"date":"2026-01-14T11:39:02","date_gmt":"2026-01-14T14:39:02","guid":{"rendered":"https:\/\/radiostudiow.com.br\/site\/?p=46541"},"modified":"2026-01-14T11:39:03","modified_gmt":"2026-01-14T14:39:03","slug":"obras-de-contencao-vao-deixar-transito-lento-na-serra-da-esperanca","status":"publish","type":"post","link":"https:\/\/radiostudiow.com.br\/site\/2026\/01\/14\/obras-de-contencao-vao-deixar-transito-lento-na-serra-da-esperanca\/","title":{"rendered":"Obras de conten\u00e7\u00e3o v\u00e3o deixar tr\u00e2nsito lento na Serra da Esperan\u00e7a"},"content":{"rendered":"\n<p class=\"has-text-align-center\"><em>Da reda\u00e7\u00e3o<a href=\"https:\/\/www.portalirati.com.br\/\" data-type=\"link\" data-id=\"https:\/\/www.portalirati.com.br\/\"> Portal Irati<\/a><\/em><\/p>\n\n\n\n<p>A<strong>\u00a0<\/strong>EPR Igua\u00e7u, concession\u00e1ria respons\u00e1vel pela gest\u00e3o de 662 quil\u00f4metros de rodovias nas regi\u00f5es Oeste e Sudoeste do Paran\u00e1, informa que vai executar, nesta quarta-feira (14 de janeiro de 2026) e quinta-feira (15), os servi\u00e7os de implanta\u00e7\u00e3o de prolongamento das barreiras de conten\u00e7\u00e3o, na altura do quil\u00f4metro 312 da BR-277, em\u00a0Prudent\u00f3polis.<\/p>\n\n\n\n<p>A fim de preservar a seguran\u00e7a de usu\u00e1rios e trabalhadores, no per\u00edodo de atua\u00e7\u00e3o das equipes, das 8h \u00e0s 15h, o tr\u00e1fego no local ser\u00e1 organizado em Sistema de Pare e Siga, entre os quil\u00f4metros 311 e 313.<\/p>\n\n\n\n<figure class=\"wp-block-image size-full\"><img loading=\"lazy\" decoding=\"async\" width=\"897\" height=\"204\" src=\"https:\/\/radiostudiow.com.br\/site\/wp-content\/uploads\/2025\/03\/image-62.png\" alt=\"\" class=\"wp-image-35859\" srcset=\"https:\/\/radiostudiow.com.br\/site\/wp-content\/uploads\/2025\/03\/image-62.png 897w, https:\/\/radiostudiow.com.br\/site\/wp-content\/uploads\/2025\/03\/image-62-300x68.png 300w, https:\/\/radiostudiow.com.br\/site\/wp-content\/uploads\/2025\/03\/image-62-768x175.png 768w\" sizes=\"auto, (max-width: 897px) 100vw, 897px\" \/><\/figure>\n\n\n\n<p>A medida faz parte das a\u00e7\u00f5es preventivas adotadas pela concession\u00e1ria ap\u00f3s o registro de queda de talude no \u00faltimo dia 7 de janeiro e tem o objetivo de conter poss\u00edveis materiais que possam se desprender da encosta. A concession\u00e1ria tem desenvolvido a\u00e7\u00f5es de limpeza e manuten\u00e7\u00e3o, bem como atividades de conserva\u00e7\u00e3o da via.<\/p>\n\n\n\n<p><em><strong>\u201cO objetivo desse prolongamento das barreiras de prote\u00e7\u00e3o existentes \u00e9 garantir a seguran\u00e7a vi\u00e1ria e a integridade dos usu\u00e1rios. Atuamos no monitoramento constante da rodovia, por meio de inspe\u00e7\u00f5es de tr\u00e1fego e avalia\u00e7\u00f5es peri\u00f3dicas da equipe de engenharia, al\u00e9m de integrar o Programa de Gerenciamento Clim\u00e1tico, em parceria com o SIMEPAR, visando planejar e orientar a\u00e7\u00f5es preventivas e corretivas voltadas ao enfrentamento de cen\u00e1rios clim\u00e1ticos, assegurando agilidade na resposta operacional e manuten\u00e7\u00e3o da trafegabilidade das rodovias sob concess\u00e3o\u201d, <\/strong>destaca o diretor-executivo da EPR Igua\u00e7u, Silvio Caldas.<\/em><\/p>\n\n\n\n<p>Durante o per\u00edodo de interdi\u00e7\u00e3o, a sinaliza\u00e7\u00e3o ser\u00e1 refor\u00e7ada, a orienta\u00e7\u00e3o aos motoristas \u00e9 para que redobrem a aten\u00e7\u00e3o, respeitem os limites de velocidade e sinaliza\u00e7\u00e3o ao trafegar pela regi\u00e3o.<\/p>\n\n\n\n<figure class=\"wp-block-image size-full\"><img loading=\"lazy\" decoding=\"async\" width=\"598\" height=\"204\" src=\"https:\/\/radiostudiow.com.br\/site\/wp-content\/uploads\/2024\/10\/labirati.png\" alt=\"\" class=\"wp-image-28854\" srcset=\"https:\/\/radiostudiow.com.br\/site\/wp-content\/uploads\/2024\/10\/labirati.png 598w, https:\/\/radiostudiow.com.br\/site\/wp-content\/uploads\/2024\/10\/labirati-300x102.png 300w\" sizes=\"auto, (max-width: 598px) 100vw, 598px\" \/><\/figure>\n\n\n\n<p><strong>PR\u00d3XIMOS PASSOS<\/strong><\/p>\n\n\n\n<p>A avalia\u00e7\u00e3o do segmento segue em andamento conduzida por especialistas em solu\u00e7\u00f5es geot\u00e9cnicas para consolidar diagn\u00f3sticos e medidas adicionais eventualmente necess\u00e1rias, de acordo com crit\u00e9rios t\u00e9cnicos, considerando inclusive condi\u00e7\u00f5es eventualmente pr\u00e9-existentes, n\u00e3o previamente detect\u00e1veis ou que extrapolem os limites da faixa de dom\u00ednio da rodovia.<\/p>\n\n\n\n<p>Para os pr\u00f3ximos meses, a concession\u00e1ria mant\u00e9m em seu planejamento a execu\u00e7\u00e3o de interven\u00e7\u00f5es de conten\u00e7\u00e3o em pontos previamente mapeados, conforme estudos t\u00e9cnicos contratados.<\/p>\n\n\n\n<p>A EPR Igua\u00e7u refor\u00e7a que mant\u00e9m di\u00e1logo permanente com autoridades locais, \u00f3rg\u00e3os t\u00e9cnicos e comunidades da regi\u00e3o, atuando de forma transparente e respons\u00e1vel. A concession\u00e1ria reitera seu compromisso cont\u00ednuo com a seguran\u00e7a vi\u00e1ria, o monitoramento das condi\u00e7\u00f5es da rodovia e a ado\u00e7\u00e3o de medidas preventivas para proteger usu\u00e1rios e trabalhadores.<\/p>\n","protected":false},"excerpt":{"rendered":"<p>Da reda\u00e7\u00e3o Portal Irati A\u00a0EPR Igua\u00e7u, concession\u00e1ria respons\u00e1vel pela gest\u00e3o de 662 quil\u00f4metros de rodovias nas regi\u00f5es Oeste e Sudoeste do Paran\u00e1, informa que vai executar, nesta quarta-feira (14 de janeiro de 2026) e quinta-feira (15), os servi\u00e7os de implanta\u00e7\u00e3o de prolongamento das barreiras de conten\u00e7\u00e3o, na altura do quil\u00f4metro 312 da BR-277, em\u00a0Prudent\u00f3polis. A [&hellip;]<\/p>\n","protected":false},"author":2,"featured_media":46542,"comment_status":"open","ping_status":"open","sticky":false,"template":"","format":"standard","meta":{"footnotes":""},"categories":[185],"tags":[172],"class_list":["post-46541","post","type-post","status-publish","format-standard","has-post-thumbnail","hentry","category-regional","tag-featured"],"amp_enabled":true,"_links":{"self":[{"href":"https:\/\/radiostudiow.com.br\/site\/wp-json\/wp\/v2\/posts\/46541","targetHints":{"allow":["GET"]}}],"collection":[{"href":"https:\/\/radiostudiow.com.br\/site\/wp-json\/wp\/v2\/posts"}],"about":[{"href":"https:\/\/radiostudiow.com.br\/site\/wp-json\/wp\/v2\/types\/post"}],"author":[{"embeddable":true,"href":"https:\/\/radiostudiow.com.br\/site\/wp-json\/wp\/v2\/users\/2"}],"replies":[{"embeddable":true,"href":"https:\/\/radiostudiow.com.br\/site\/wp-json\/wp\/v2\/comments?post=46541"}],"version-history":[{"count":1,"href":"https:\/\/radiostudiow.com.br\/site\/wp-json\/wp\/v2\/posts\/46541\/revisions"}],"predecessor-version":[{"id":46543,"href":"https:\/\/radiostudiow.com.br\/site\/wp-json\/wp\/v2\/posts\/46541\/revisions\/46543"}],"wp:featuredmedia":[{"embeddable":true,"href":"https:\/\/radiostudiow.com.br\/site\/wp-json\/wp\/v2\/media\/46542"}],"wp:attachment":[{"href":"https:\/\/radiostudiow.com.br\/site\/wp-json\/wp\/v2\/media?parent=46541"}],"wp:term":[{"taxonomy":"category","embeddable":true,"href":"https:\/\/radiostudiow.com.br\/site\/wp-json\/wp\/v2\/categories?post=46541"},{"taxonomy":"post_tag","embeddable":true,"href":"https:\/\/radiostudiow.com.br\/site\/wp-json\/wp\/v2\/tags?post=46541"}],"curies":[{"name":"wp","href":"https:\/\/api.w.org\/{rel}","templated":true}]}}