{"id":46546,"date":"2026-01-14T21:02:08","date_gmt":"2026-01-15T00:02:08","guid":{"rendered":"https:\/\/radiostudiow.com.br\/site\/?p=46546"},"modified":"2026-01-14T21:02:08","modified_gmt":"2026-01-15T00:02:08","slug":"acidente-entre-moto-e-carro-deixa-homem-ferido-em-uniao-da-vitoria","status":"publish","type":"post","link":"https:\/\/radiostudiow.com.br\/site\/2026\/01\/14\/acidente-entre-moto-e-carro-deixa-homem-ferido-em-uniao-da-vitoria\/","title":{"rendered":"Acidente entre moto e carro deixa homem ferido em Uni\u00e3o da Vit\u00f3ria"},"content":{"rendered":"\n<figure class=\"wp-block-image size-full\"><img loading=\"lazy\" decoding=\"async\" width=\"731\" height=\"246\" src=\"https:\/\/radiostudiow.com.br\/site\/wp-content\/uploads\/2026\/01\/VITALY.png\" alt=\"\" class=\"wp-image-46547\" srcset=\"https:\/\/radiostudiow.com.br\/site\/wp-content\/uploads\/2026\/01\/VITALY.png 731w, https:\/\/radiostudiow.com.br\/site\/wp-content\/uploads\/2026\/01\/VITALY-300x101.png 300w\" sizes=\"auto, (max-width: 731px) 100vw, 731px\" \/><\/figure>\n\n\n\n<p class=\"has-text-align-center\"><em>Da reda\u00e7\u00e3o Portal V.Vale<\/em><\/p>\n\n\n\n<p>Um acidente de tr\u00e2nsito envolvendo uma motocicleta e um autom\u00f3vel foi registrado por volta das 17h30 desta quarta-feira (14), na avenida Marechal Deodoro da Fonseca, no bairro Rio da Areia, em Uni\u00e3o da Vit\u00f3ria, em frente ao antigo Miguel Forte.<\/p>\n\n\n\n<p>A colis\u00e3o envolveu uma motocicleta Honda Twister vermelha, com placas de Paula Freitas, e um Hyundai HB20 branco, com placas padr\u00e3o Mercosul. Com o impacto, o condutor da moto sofreu ferimentos, com suspeita de fratura em uma das pernas.<\/p>\n\n\n\n<figure class=\"wp-block-gallery has-nested-images columns-default is-cropped wp-block-gallery-1 is-layout-flex wp-block-gallery-is-layout-flex\">\n<figure class=\"wp-block-image size-large\"><img loading=\"lazy\" decoding=\"async\" width=\"300\" height=\"180\" data-id=\"41962\" src=\"https:\/\/radiostudiow.com.br\/site\/wp-content\/uploads\/2025\/08\/LILO.png\" alt=\"\" class=\"wp-image-41962\"\/><\/figure>\n\n\n\n<figure class=\"wp-block-image size-large\"><img loading=\"lazy\" decoding=\"async\" width=\"300\" height=\"180\" data-id=\"18945\" src=\"https:\/\/radiostudiow.com.br\/site\/wp-content\/uploads\/2024\/01\/SITE-PEQUENO.png\" alt=\"\" class=\"wp-image-18945\"\/><\/figure>\n<\/figure>\n\n\n\n<p>No momento do atendimento, a v\u00edtima estava consciente e orientada. A equipe do Corpo de Bombeiros Militar realizou a imobiliza\u00e7\u00e3o do membro lesionado e, na sequ\u00eancia, encaminhou o motociclista ao hospital para avalia\u00e7\u00e3o m\u00e9dica.<\/p>\n\n\n\n<p>A Pol\u00edcia Militar esteve no local, prestando apoio \u00e0 ocorr\u00eancia e realizando os procedimentos de praxe.<\/p>\n","protected":false},"excerpt":{"rendered":"<p>Da reda\u00e7\u00e3o Portal V.Vale Um acidente de tr\u00e2nsito envolvendo uma motocicleta e um autom\u00f3vel foi registrado por volta das 17h30 desta quarta-feira (14), na avenida Marechal Deodoro da Fonseca, no bairro Rio da Areia, em Uni\u00e3o da Vit\u00f3ria, em frente ao antigo Miguel Forte. A colis\u00e3o envolveu uma motocicleta Honda Twister vermelha, com placas de [&hellip;]<\/p>\n","protected":false},"author":2,"featured_media":46548,"comment_status":"open","ping_status":"open","sticky":false,"template":"","format":"standard","meta":{"footnotes":""},"categories":[185],"tags":[172],"class_list":["post-46546","post","type-post","status-publish","format-standard","has-post-thumbnail","hentry","category-regional","tag-featured"],"amp_enabled":true,"_links":{"self":[{"href":"https:\/\/radiostudiow.com.br\/site\/wp-json\/wp\/v2\/posts\/46546","targetHints":{"allow":["GET"]}}],"collection":[{"href":"https:\/\/radiostudiow.com.br\/site\/wp-json\/wp\/v2\/posts"}],"about":[{"href":"https:\/\/radiostudiow.com.br\/site\/wp-json\/wp\/v2\/types\/post"}],"author":[{"embeddable":true,"href":"https:\/\/radiostudiow.com.br\/site\/wp-json\/wp\/v2\/users\/2"}],"replies":[{"embeddable":true,"href":"https:\/\/radiostudiow.com.br\/site\/wp-json\/wp\/v2\/comments?post=46546"}],"version-history":[{"count":1,"href":"https:\/\/radiostudiow.com.br\/site\/wp-json\/wp\/v2\/posts\/46546\/revisions"}],"predecessor-version":[{"id":46549,"href":"https:\/\/radiostudiow.com.br\/site\/wp-json\/wp\/v2\/posts\/46546\/revisions\/46549"}],"wp:featuredmedia":[{"embeddable":true,"href":"https:\/\/radiostudiow.com.br\/site\/wp-json\/wp\/v2\/media\/46548"}],"wp:attachment":[{"href":"https:\/\/radiostudiow.com.br\/site\/wp-json\/wp\/v2\/media?parent=46546"}],"wp:term":[{"taxonomy":"category","embeddable":true,"href":"https:\/\/radiostudiow.com.br\/site\/wp-json\/wp\/v2\/categories?post=46546"},{"taxonomy":"post_tag","embeddable":true,"href":"https:\/\/radiostudiow.com.br\/site\/wp-json\/wp\/v2\/tags?post=46546"}],"curies":[{"name":"wp","href":"https:\/\/api.w.org\/{rel}","templated":true}]}}