{"id":46574,"date":"2026-01-15T18:03:22","date_gmt":"2026-01-15T21:03:22","guid":{"rendered":"https:\/\/radiostudiow.com.br\/site\/?p=46574"},"modified":"2026-01-15T18:03:23","modified_gmt":"2026-01-15T21:03:23","slug":"caminhao-sai-da-pista-e-tomba-na-prc-280-entre-palmas-e-general-carneiro","status":"publish","type":"post","link":"https:\/\/radiostudiow.com.br\/site\/2026\/01\/15\/caminhao-sai-da-pista-e-tomba-na-prc-280-entre-palmas-e-general-carneiro\/","title":{"rendered":"Caminh\u00e3o sai da pista e tomba na PRC-280 entre Palmas e General Carneiro"},"content":{"rendered":"\n<figure class=\"wp-block-image size-full\"><img loading=\"lazy\" decoding=\"async\" width=\"598\" height=\"204\" src=\"https:\/\/radiostudiow.com.br\/site\/wp-content\/uploads\/2024\/10\/labirati.png\" alt=\"\" class=\"wp-image-28854\" srcset=\"https:\/\/radiostudiow.com.br\/site\/wp-content\/uploads\/2024\/10\/labirati.png 598w, https:\/\/radiostudiow.com.br\/site\/wp-content\/uploads\/2024\/10\/labirati-300x102.png 300w\" sizes=\"auto, (max-width: 598px) 100vw, 598px\" \/><\/figure>\n\n\n\n<p>Um tombamento foi registrado no km 77 da rodovia PRC-280, nas proximidades do trevo do Horizonte, no trecho entre os munic\u00edpios de Palmas e General Carneiro por volta das 09 horas desta quarta-feira (14). <\/p>\n\n\n\n<p>A ocorr\u00eancia foi atendida por uma equipe da 6\u00aa Companhia do Batalh\u00e3o de Pol\u00edcia Rodovi\u00e1ria e envolveu um caminh\u00e3o VW\/9.150, conduzido por um homem de 37 anos.<\/p>\n\n\n\n<p>Segundo informa\u00e7\u00f5es repassadas pelo motorista, o caminh\u00e3o seguia em dire\u00e7\u00e3o ao entroncamento com a BR-153 quando precisou desviar de um autom\u00f3vel que realizava uma ultrapassagem. Durante a manobra, o condutor perdeu o controle da dire\u00e7\u00e3o, saiu da pista e o ve\u00edculo acabou tombando \u00e0s margens da rodovia.<\/p>\n\n\n\n<p>Apesar do susto e dos danos materiais, ningu\u00e9m ficou ferido. A Pol\u00edcia Rodovi\u00e1ria Estadual permaneceu no local para a realiza\u00e7\u00e3o dos procedimentos de praxe e para orientar o fluxo de ve\u00edculos na regi\u00e3o.<\/p>\n\n\n\n<figure class=\"wp-block-gallery has-nested-images columns-default is-cropped wp-block-gallery-1 is-layout-flex wp-block-gallery-is-layout-flex\">\n<figure class=\"wp-block-image size-large\"><img loading=\"lazy\" decoding=\"async\" width=\"300\" height=\"180\" data-id=\"39582\" src=\"https:\/\/radiostudiow.com.br\/site\/wp-content\/uploads\/2025\/06\/PLAY-HALL.png\" alt=\"\" class=\"wp-image-39582\"\/><\/figure>\n\n\n\n<figure class=\"wp-block-image size-large\"><img loading=\"lazy\" decoding=\"async\" width=\"300\" height=\"180\" data-id=\"37219\" src=\"https:\/\/radiostudiow.com.br\/site\/wp-content\/uploads\/2025\/04\/AGRODU.png\" alt=\"\" class=\"wp-image-37219\"\/><\/figure>\n<\/figure>\n","protected":false},"excerpt":{"rendered":"<p>Um tombamento foi registrado no km 77 da rodovia PRC-280, nas proximidades do trevo do Horizonte, no trecho entre os munic\u00edpios de Palmas e General Carneiro por volta das 09 horas desta quarta-feira (14). A ocorr\u00eancia foi atendida por uma equipe da 6\u00aa Companhia do Batalh\u00e3o de Pol\u00edcia Rodovi\u00e1ria e envolveu um caminh\u00e3o VW\/9.150, conduzido [&hellip;]<\/p>\n","protected":false},"author":2,"featured_media":46575,"comment_status":"open","ping_status":"open","sticky":false,"template":"","format":"standard","meta":{"footnotes":""},"categories":[185],"tags":[172],"class_list":["post-46574","post","type-post","status-publish","format-standard","has-post-thumbnail","hentry","category-regional","tag-featured"],"amp_enabled":true,"_links":{"self":[{"href":"https:\/\/radiostudiow.com.br\/site\/wp-json\/wp\/v2\/posts\/46574","targetHints":{"allow":["GET"]}}],"collection":[{"href":"https:\/\/radiostudiow.com.br\/site\/wp-json\/wp\/v2\/posts"}],"about":[{"href":"https:\/\/radiostudiow.com.br\/site\/wp-json\/wp\/v2\/types\/post"}],"author":[{"embeddable":true,"href":"https:\/\/radiostudiow.com.br\/site\/wp-json\/wp\/v2\/users\/2"}],"replies":[{"embeddable":true,"href":"https:\/\/radiostudiow.com.br\/site\/wp-json\/wp\/v2\/comments?post=46574"}],"version-history":[{"count":1,"href":"https:\/\/radiostudiow.com.br\/site\/wp-json\/wp\/v2\/posts\/46574\/revisions"}],"predecessor-version":[{"id":46576,"href":"https:\/\/radiostudiow.com.br\/site\/wp-json\/wp\/v2\/posts\/46574\/revisions\/46576"}],"wp:featuredmedia":[{"embeddable":true,"href":"https:\/\/radiostudiow.com.br\/site\/wp-json\/wp\/v2\/media\/46575"}],"wp:attachment":[{"href":"https:\/\/radiostudiow.com.br\/site\/wp-json\/wp\/v2\/media?parent=46574"}],"wp:term":[{"taxonomy":"category","embeddable":true,"href":"https:\/\/radiostudiow.com.br\/site\/wp-json\/wp\/v2\/categories?post=46574"},{"taxonomy":"post_tag","embeddable":true,"href":"https:\/\/radiostudiow.com.br\/site\/wp-json\/wp\/v2\/tags?post=46574"}],"curies":[{"name":"wp","href":"https:\/\/api.w.org\/{rel}","templated":true}]}}