{"id":46610,"date":"2026-01-16T17:14:53","date_gmt":"2026-01-16T20:14:53","guid":{"rendered":"https:\/\/radiostudiow.com.br\/site\/?p=46610"},"modified":"2026-01-16T17:16:20","modified_gmt":"2026-01-16T20:16:20","slug":"motorista-morre-apos-caminhao-sair-da-pista-na-br-153-em-reboucas","status":"publish","type":"post","link":"https:\/\/radiostudiow.com.br\/site\/2026\/01\/16\/motorista-morre-apos-caminhao-sair-da-pista-na-br-153-em-reboucas\/","title":{"rendered":"Motorista morre ap\u00f3s caminh\u00e3o sair da pista na BR-153 em Rebou\u00e7as"},"content":{"rendered":"\n<figure class=\"wp-block-image size-full\"><img loading=\"lazy\" decoding=\"async\" width=\"897\" height=\"204\" src=\"https:\/\/radiostudiow.com.br\/site\/wp-content\/uploads\/2025\/03\/image-62.png\" alt=\"\" class=\"wp-image-35859\" srcset=\"https:\/\/radiostudiow.com.br\/site\/wp-content\/uploads\/2025\/03\/image-62.png 897w, https:\/\/radiostudiow.com.br\/site\/wp-content\/uploads\/2025\/03\/image-62-300x68.png 300w, https:\/\/radiostudiow.com.br\/site\/wp-content\/uploads\/2025\/03\/image-62-768x175.png 768w\" sizes=\"auto, (max-width: 897px) 100vw, 897px\" \/><\/figure>\n\n\n\n<p class=\"has-text-align-center\"><em>Fonte: Alvorada FM\u00a0\/ Clic Sul News<\/em><\/p>\n\n\n\n<p>Um acidente do tipo sa\u00edda de pista foi registrado na BR-153, no limite entre os munic\u00edpios de Rebou\u00e7as e Irati, pr\u00f3ximo ao acesso para a localidade de Monjolo na tarde desta sexta-feira (16).<\/p>\n\n\n\n<p>Caminh\u00e3o emplacado no munic\u00edpio de Campo Largo, com o impacto, o condutor acabou entrando em \u00f3bito no local. Identidade ainda n\u00e3o foi confirmada.<\/p>\n\n\n\n<p>Segundo as informa\u00e7\u00f5es apuradas pela R\u00e1dio Alvorada de Rebou\u00e7as, o motorista do caminh\u00e3o teria perdido o controle da dire\u00e7\u00e3o, o que resultou na sa\u00edda de pista. A Brigada Comunit\u00e1ria de Rebou\u00e7as realizou os primeiros atendimentos e prestou apoio at\u00e9 a chegada dos demais \u00f3rg\u00e3os.<\/p>\n\n\n\n<p>A Pol\u00edcia Rodovi\u00e1ria Federal foi acionada para o registro da ocorr\u00eancia e orienta\u00e7\u00e3o do tr\u00e2nsito, enquanto o Instituto M\u00e9dico Legal (IML) recolheu o corpo para os procedimentos legais.<\/p>\n\n\n\n<p>As circunst\u00e2ncias que levaram ao acidente ainda ser\u00e3o investigadas pelas autoridades competentes. O tr\u00e2nsito na regi\u00e3o exigiu aten\u00e7\u00e3o dos motoristas durante o atendimento da ocorr\u00eancia.<\/p>\n\n\n\n<p class=\"has-text-align-center\"><em>Fonte: Alvorada FM\u00a0\/ Clic Sul News<\/em><\/p>\n\n\n\n<figure class=\"wp-block-image size-full\"><img loading=\"lazy\" decoding=\"async\" width=\"598\" height=\"204\" src=\"https:\/\/radiostudiow.com.br\/site\/wp-content\/uploads\/2025\/05\/POLAK.png\" alt=\"\" class=\"wp-image-37847\" srcset=\"https:\/\/radiostudiow.com.br\/site\/wp-content\/uploads\/2025\/05\/POLAK.png 598w, https:\/\/radiostudiow.com.br\/site\/wp-content\/uploads\/2025\/05\/POLAK-300x102.png 300w\" sizes=\"auto, (max-width: 598px) 100vw, 598px\" \/><\/figure>\n","protected":false},"excerpt":{"rendered":"<p>Fonte: Alvorada FM\u00a0\/ Clic Sul News Um acidente do tipo sa\u00edda de pista foi registrado na BR-153, no limite entre os munic\u00edpios de Rebou\u00e7as e Irati, pr\u00f3ximo ao acesso para a localidade de Monjolo na tarde desta sexta-feira (16). Caminh\u00e3o emplacado no munic\u00edpio de Campo Largo, com o impacto, o condutor acabou entrando em \u00f3bito [&hellip;]<\/p>\n","protected":false},"author":2,"featured_media":46612,"comment_status":"open","ping_status":"open","sticky":false,"template":"","format":"standard","meta":{"footnotes":""},"categories":[185],"tags":[172],"class_list":["post-46610","post","type-post","status-publish","format-standard","has-post-thumbnail","hentry","category-regional","tag-featured"],"amp_enabled":true,"_links":{"self":[{"href":"https:\/\/radiostudiow.com.br\/site\/wp-json\/wp\/v2\/posts\/46610","targetHints":{"allow":["GET"]}}],"collection":[{"href":"https:\/\/radiostudiow.com.br\/site\/wp-json\/wp\/v2\/posts"}],"about":[{"href":"https:\/\/radiostudiow.com.br\/site\/wp-json\/wp\/v2\/types\/post"}],"author":[{"embeddable":true,"href":"https:\/\/radiostudiow.com.br\/site\/wp-json\/wp\/v2\/users\/2"}],"replies":[{"embeddable":true,"href":"https:\/\/radiostudiow.com.br\/site\/wp-json\/wp\/v2\/comments?post=46610"}],"version-history":[{"count":3,"href":"https:\/\/radiostudiow.com.br\/site\/wp-json\/wp\/v2\/posts\/46610\/revisions"}],"predecessor-version":[{"id":46615,"href":"https:\/\/radiostudiow.com.br\/site\/wp-json\/wp\/v2\/posts\/46610\/revisions\/46615"}],"wp:featuredmedia":[{"embeddable":true,"href":"https:\/\/radiostudiow.com.br\/site\/wp-json\/wp\/v2\/media\/46612"}],"wp:attachment":[{"href":"https:\/\/radiostudiow.com.br\/site\/wp-json\/wp\/v2\/media?parent=46610"}],"wp:term":[{"taxonomy":"category","embeddable":true,"href":"https:\/\/radiostudiow.com.br\/site\/wp-json\/wp\/v2\/categories?post=46610"},{"taxonomy":"post_tag","embeddable":true,"href":"https:\/\/radiostudiow.com.br\/site\/wp-json\/wp\/v2\/tags?post=46610"}],"curies":[{"name":"wp","href":"https:\/\/api.w.org\/{rel}","templated":true}]}}