{"id":46629,"date":"2026-01-17T08:56:34","date_gmt":"2026-01-17T11:56:34","guid":{"rendered":"https:\/\/radiostudiow.com.br\/site\/?p=46629"},"modified":"2026-01-17T08:56:34","modified_gmt":"2026-01-17T11:56:34","slug":"carreta-tomba-na-br-476-regiao-do-limoeiro-em-paulo-frontin","status":"publish","type":"post","link":"https:\/\/radiostudiow.com.br\/site\/2026\/01\/17\/carreta-tomba-na-br-476-regiao-do-limoeiro-em-paulo-frontin\/","title":{"rendered":"Carreta tomba na BR-476 regi\u00e3o do Limoeiro em Paulo Frontin"},"content":{"rendered":"\n<figure class=\"wp-block-image size-full\"><img loading=\"lazy\" decoding=\"async\" width=\"897\" height=\"204\" src=\"https:\/\/radiostudiow.com.br\/site\/wp-content\/uploads\/2025\/03\/image-62.png\" alt=\"\" class=\"wp-image-35859\" srcset=\"https:\/\/radiostudiow.com.br\/site\/wp-content\/uploads\/2025\/03\/image-62.png 897w, https:\/\/radiostudiow.com.br\/site\/wp-content\/uploads\/2025\/03\/image-62-300x68.png 300w, https:\/\/radiostudiow.com.br\/site\/wp-content\/uploads\/2025\/03\/image-62-768x175.png 768w\" sizes=\"auto, (max-width: 897px) 100vw, 897px\" \/><\/figure>\n\n\n\n<p class=\"has-text-align-center\"><em>Fonte: Portal Clic Sul News<\/em><\/p>\n\n\n\n<p>Uma carreta acoplada a um cont\u00eainer saiu da pista e tombou na regi\u00e3o do Limoeiro, trecho entre S\u00e3o Mateus do Sul e Uni\u00e3o da Vit\u00f3ria, na BR-476 por volta das 23h30min desta sexta-feira (16).<\/p>\n\n\n\n<p>O motorista foi retirado do ve\u00edculo por outros condutores que passavam pelo local e n\u00e3o sofreu ferimentos. A equipe da Pol\u00edcia Rodovi\u00e1ria Federal foi acionada para atender a ocorr\u00eancia, registrar o fato e apurar as causas do acidente.<\/p>\n\n\n\n<p><em>Mais informa\u00e7\u00f5es poder\u00e3o ser divulgadas conforme atualiza\u00e7\u00e3o das autoridades<\/em><\/p>\n\n\n\n<figure class=\"wp-block-image size-full\"><img loading=\"lazy\" decoding=\"async\" width=\"598\" height=\"204\" src=\"https:\/\/radiostudiow.com.br\/site\/wp-content\/uploads\/2024\/01\/SITE-MEDIO.png\" alt=\"\" class=\"wp-image-18916\" srcset=\"https:\/\/radiostudiow.com.br\/site\/wp-content\/uploads\/2024\/01\/SITE-MEDIO.png 598w, https:\/\/radiostudiow.com.br\/site\/wp-content\/uploads\/2024\/01\/SITE-MEDIO-300x102.png 300w\" sizes=\"auto, (max-width: 598px) 100vw, 598px\" \/><\/figure>\n","protected":false},"excerpt":{"rendered":"<p>Fonte: Portal Clic Sul News Uma carreta acoplada a um cont\u00eainer saiu da pista e tombou na regi\u00e3o do Limoeiro, trecho entre S\u00e3o Mateus do Sul e Uni\u00e3o da Vit\u00f3ria, na BR-476 por volta das 23h30min desta sexta-feira (16). O motorista foi retirado do ve\u00edculo por outros condutores que passavam pelo local e n\u00e3o sofreu [&hellip;]<\/p>\n","protected":false},"author":2,"featured_media":46630,"comment_status":"open","ping_status":"open","sticky":false,"template":"","format":"standard","meta":{"footnotes":""},"categories":[185],"tags":[172],"class_list":["post-46629","post","type-post","status-publish","format-standard","has-post-thumbnail","hentry","category-regional","tag-featured"],"amp_enabled":true,"_links":{"self":[{"href":"https:\/\/radiostudiow.com.br\/site\/wp-json\/wp\/v2\/posts\/46629","targetHints":{"allow":["GET"]}}],"collection":[{"href":"https:\/\/radiostudiow.com.br\/site\/wp-json\/wp\/v2\/posts"}],"about":[{"href":"https:\/\/radiostudiow.com.br\/site\/wp-json\/wp\/v2\/types\/post"}],"author":[{"embeddable":true,"href":"https:\/\/radiostudiow.com.br\/site\/wp-json\/wp\/v2\/users\/2"}],"replies":[{"embeddable":true,"href":"https:\/\/radiostudiow.com.br\/site\/wp-json\/wp\/v2\/comments?post=46629"}],"version-history":[{"count":1,"href":"https:\/\/radiostudiow.com.br\/site\/wp-json\/wp\/v2\/posts\/46629\/revisions"}],"predecessor-version":[{"id":46631,"href":"https:\/\/radiostudiow.com.br\/site\/wp-json\/wp\/v2\/posts\/46629\/revisions\/46631"}],"wp:featuredmedia":[{"embeddable":true,"href":"https:\/\/radiostudiow.com.br\/site\/wp-json\/wp\/v2\/media\/46630"}],"wp:attachment":[{"href":"https:\/\/radiostudiow.com.br\/site\/wp-json\/wp\/v2\/media?parent=46629"}],"wp:term":[{"taxonomy":"category","embeddable":true,"href":"https:\/\/radiostudiow.com.br\/site\/wp-json\/wp\/v2\/categories?post=46629"},{"taxonomy":"post_tag","embeddable":true,"href":"https:\/\/radiostudiow.com.br\/site\/wp-json\/wp\/v2\/tags?post=46629"}],"curies":[{"name":"wp","href":"https:\/\/api.w.org\/{rel}","templated":true}]}}