{"id":46668,"date":"2026-01-18T23:12:16","date_gmt":"2026-01-19T02:12:16","guid":{"rendered":"https:\/\/radiostudiow.com.br\/site\/?p=46668"},"modified":"2026-01-18T23:12:17","modified_gmt":"2026-01-19T02:12:17","slug":"jovem-morre-afogado-no-rio-claro-na-divisa-entre-mallet-e-paulo-frontin","status":"publish","type":"post","link":"https:\/\/radiostudiow.com.br\/site\/2026\/01\/18\/jovem-morre-afogado-no-rio-claro-na-divisa-entre-mallet-e-paulo-frontin\/","title":{"rendered":"JOVEM MORRE AFOGADO NO RIO CLARO, NA DIVISA ENTRE MALLET E PAULO FRONTIN"},"content":{"rendered":"\n<figure class=\"wp-block-image size-full\"><img loading=\"lazy\" decoding=\"async\" width=\"731\" height=\"204\" src=\"https:\/\/radiostudiow.com.br\/site\/wp-content\/uploads\/2026\/01\/pax-2026.png\" alt=\"\" class=\"wp-image-46172\" srcset=\"https:\/\/radiostudiow.com.br\/site\/wp-content\/uploads\/2026\/01\/pax-2026.png 731w, https:\/\/radiostudiow.com.br\/site\/wp-content\/uploads\/2026\/01\/pax-2026-300x84.png 300w\" sizes=\"auto, (max-width: 731px) 100vw, 731px\" \/><\/figure>\n\n\n\n<p style=\"font-size:24px\"><strong>Um jovem de 19 anos foi encontrado morto na tarde deste domingo (18), ap\u00f3s desaparecer nas \u00e1guas do Rio Claro, na localidade do Vicinal 6 Dorizon, interior do munic\u00edpio de Mallet, regi\u00e3o de divisa com a cidade de Paulo Frontin.<\/strong><\/p>\n\n\n\n<p class=\"has-medium-font-size\">Por volta das 16h50, os <strong>Brigadistas Comunit\u00e1rios de Mallet<\/strong> foram acionados para atender a uma ocorr\u00eancia de afogamento no local. Diante da gravidade da situa\u00e7\u00e3o, a equipe se deslocou imediatamente e comunicou o<strong> 1\u00ba Sargento Pacholok,<\/strong> do Corpo de Bombeiros, respons\u00e1vel pelos brigadistas no munic\u00edpio.<\/p>\n\n\n\n<p>Em raz\u00e3o da complexidade do local \u2014 uma \u00e1rea com corredeiras e cachoeiras \u2014 foi solicitada a presen\u00e7a da equipe do <strong>Corpo de Bombeiros de Irati,<\/strong> que possui equipamentos adequados para buscas aqu\u00e1ticas e mergulho. As buscas foram iniciadas no final da tarde.<\/p>\n\n\n\n<figure class=\"wp-block-image size-full\"><img loading=\"lazy\" decoding=\"async\" width=\"897\" height=\"204\" src=\"https:\/\/radiostudiow.com.br\/site\/wp-content\/uploads\/2025\/03\/BARAO-NOVO-NOTICIAS-1.jpg\" alt=\"\" class=\"wp-image-35084\" srcset=\"https:\/\/radiostudiow.com.br\/site\/wp-content\/uploads\/2025\/03\/BARAO-NOVO-NOTICIAS-1.jpg 897w, https:\/\/radiostudiow.com.br\/site\/wp-content\/uploads\/2025\/03\/BARAO-NOVO-NOTICIAS-1-300x68.jpg 300w, https:\/\/radiostudiow.com.br\/site\/wp-content\/uploads\/2025\/03\/BARAO-NOVO-NOTICIAS-1-768x175.jpg 768w\" sizes=\"auto, (max-width: 897px) 100vw, 897px\" \/><\/figure>\n\n\n\n<p>Ap\u00f3s um per\u00edodo de trabalho intenso, os bombeiros localizaram o corpo do jovem submerso nas \u00e1guas do rio. A v\u00edtima, moradora da localidade de Vera Guarani em Paulo Frontin, havia desaparecido enquanto se banhava no local.<\/p>\n\n\n\n<figure class=\"wp-block-image size-large\"><img loading=\"lazy\" decoding=\"async\" width=\"576\" height=\"1024\" src=\"https:\/\/radiostudiow.com.br\/site\/wp-content\/uploads\/2026\/01\/7d7fb4ce-e446-42de-bb52-bacd0ab44674-576x1024.jpg\" alt=\"\" class=\"wp-image-46669\" srcset=\"https:\/\/radiostudiow.com.br\/site\/wp-content\/uploads\/2026\/01\/7d7fb4ce-e446-42de-bb52-bacd0ab44674-576x1024.jpg 576w, https:\/\/radiostudiow.com.br\/site\/wp-content\/uploads\/2026\/01\/7d7fb4ce-e446-42de-bb52-bacd0ab44674-169x300.jpg 169w, https:\/\/radiostudiow.com.br\/site\/wp-content\/uploads\/2026\/01\/7d7fb4ce-e446-42de-bb52-bacd0ab44674-768x1365.jpg 768w, https:\/\/radiostudiow.com.br\/site\/wp-content\/uploads\/2026\/01\/7d7fb4ce-e446-42de-bb52-bacd0ab44674-864x1536.jpg 864w, https:\/\/radiostudiow.com.br\/site\/wp-content\/uploads\/2026\/01\/7d7fb4ce-e446-42de-bb52-bacd0ab44674.jpg 900w\" sizes=\"auto, (max-width: 576px) 100vw, 576px\" \/><\/figure>\n\n\n\n<p class=\"has-medium-font-size\"><strong>Segundo testemunhas, o jovem teria entrado no rio ao perceber que outras pessoas, incluindo uma crian\u00e7a, estariam se afogando. Apesar da tentativa de socorro, e mesmo com a ajuda de outros banhistas \u2014 que conseguiram retirar as demais v\u00edtimas da \u00e1gua \u2014 o jovem acabou se afogando e n\u00e3o foi poss\u00edvel resgat\u00e1-lo a tempo.<\/strong><\/p>\n\n\n\n<p style=\"font-size:31px\">O Instituto M\u00e9dico-Legal (IML) de Vit\u00f3ria foi acionado para realizar os procedimentos legais. O corpo foi identificado como <strong>Alexsandro Campos de Fran\u00e7a, de apenas 19 anos.<\/strong><\/p>\n\n\n\n<p class=\"has-medium-font-size\"><strong>Participaram da ocorr\u00eancia o 1\u00ba Sargento Joaquim Pacholok, do Corpo de Bombeiros, e o ADC Angelo Cornelo, ambos de Mallet, al\u00e9m dos bombeiros Subtenente Zarowny, Samake e Bonfim, do Grupamento do Corpo de Bombeiros de Irati.<\/strong><\/p>\n\n\n\n<figure class=\"wp-block-image size-full\"><img loading=\"lazy\" decoding=\"async\" width=\"897\" height=\"204\" src=\"https:\/\/radiostudiow.com.br\/site\/wp-content\/uploads\/2025\/03\/image-62.png\" alt=\"\" class=\"wp-image-35859\" srcset=\"https:\/\/radiostudiow.com.br\/site\/wp-content\/uploads\/2025\/03\/image-62.png 897w, https:\/\/radiostudiow.com.br\/site\/wp-content\/uploads\/2025\/03\/image-62-300x68.png 300w, https:\/\/radiostudiow.com.br\/site\/wp-content\/uploads\/2025\/03\/image-62-768x175.png 768w\" sizes=\"auto, (max-width: 897px) 100vw, 897px\" \/><\/figure>\n\n\n\n<p class=\"has-medium-font-size\">1\u00ba Sargento Pacholok refor\u00e7a o alerta sobre os riscos de banho em \u00e1reas de corredeiras e cachoeiras, especialmente sem equipamentos de seguran\u00e7a.<\/p>\n\n\n\n<h2 class=\"wp-block-heading\" style=\"font-size:29px\">Aos familiares, os nossos mais sinceros sentimentos<\/h2>\n\n\n\n<p><\/p>\n\n\n\n<h2 class=\"wp-block-heading\"><strong>Reda\u00e7\u00e3o da Studio W com informa\u00e7\u00f5es dos Brigadistas Comunit\u00e1rios de Mallet<\/strong>\/ Foto: A. C.<\/h2>\n\n\n\n<p><\/p>\n","protected":false},"excerpt":{"rendered":"<p>Um jovem de 19 anos foi encontrado morto na tarde deste domingo (18), ap\u00f3s desaparecer nas \u00e1guas do Rio Claro, na localidade do Vicinal 6 Dorizon, interior do munic\u00edpio de Mallet, regi\u00e3o de divisa com a cidade de Paulo Frontin. Por volta das 16h50, os Brigadistas Comunit\u00e1rios de Mallet foram acionados para atender a uma [&hellip;]<\/p>\n","protected":false},"author":2,"featured_media":46670,"comment_status":"open","ping_status":"open","sticky":false,"template":"","format":"standard","meta":{"footnotes":""},"categories":[184],"tags":[172],"class_list":["post-46668","post","type-post","status-publish","format-standard","has-post-thumbnail","hentry","category-local","tag-featured"],"amp_enabled":true,"_links":{"self":[{"href":"https:\/\/radiostudiow.com.br\/site\/wp-json\/wp\/v2\/posts\/46668","targetHints":{"allow":["GET"]}}],"collection":[{"href":"https:\/\/radiostudiow.com.br\/site\/wp-json\/wp\/v2\/posts"}],"about":[{"href":"https:\/\/radiostudiow.com.br\/site\/wp-json\/wp\/v2\/types\/post"}],"author":[{"embeddable":true,"href":"https:\/\/radiostudiow.com.br\/site\/wp-json\/wp\/v2\/users\/2"}],"replies":[{"embeddable":true,"href":"https:\/\/radiostudiow.com.br\/site\/wp-json\/wp\/v2\/comments?post=46668"}],"version-history":[{"count":1,"href":"https:\/\/radiostudiow.com.br\/site\/wp-json\/wp\/v2\/posts\/46668\/revisions"}],"predecessor-version":[{"id":46671,"href":"https:\/\/radiostudiow.com.br\/site\/wp-json\/wp\/v2\/posts\/46668\/revisions\/46671"}],"wp:featuredmedia":[{"embeddable":true,"href":"https:\/\/radiostudiow.com.br\/site\/wp-json\/wp\/v2\/media\/46670"}],"wp:attachment":[{"href":"https:\/\/radiostudiow.com.br\/site\/wp-json\/wp\/v2\/media?parent=46668"}],"wp:term":[{"taxonomy":"category","embeddable":true,"href":"https:\/\/radiostudiow.com.br\/site\/wp-json\/wp\/v2\/categories?post=46668"},{"taxonomy":"post_tag","embeddable":true,"href":"https:\/\/radiostudiow.com.br\/site\/wp-json\/wp\/v2\/tags?post=46668"}],"curies":[{"name":"wp","href":"https:\/\/api.w.org\/{rel}","templated":true}]}}