{"id":4667,"date":"2021-11-25T17:54:31","date_gmt":"2021-11-25T20:54:31","guid":{"rendered":"https:\/\/radiostudiow.com.br\/site\/?p=4667"},"modified":"2025-01-31T15:12:18","modified_gmt":"2025-01-31T18:12:18","slug":"prefeitura-de-mallet-com-apoio-de-professores-iniciam-as-decoracoes-de-natal","status":"publish","type":"post","link":"https:\/\/radiostudiow.com.br\/site\/2021\/11\/25\/prefeitura-de-mallet-com-apoio-de-professores-iniciam-as-decoracoes-de-natal\/","title":{"rendered":"Prefeitura de Mallet com apoio de Professores, iniciam as Decora\u00e7\u00f5es de Natal"},"content":{"rendered":"\n<p>Na tarde dessa quinta &#8211; feira, 25 de Novembro, a Prefeitura Municipal de Mallet com o apoio de professores das escolas do municpio iniciaram as decora\u00e7\u00f5es de Natal.<\/p>\n\n\n\n<p>A estrutura da casa do Papai Noel tamb\u00e9m come\u00e7ou a ser montada. Confira algumas fotos do inicio dos trabalhos realizado.<\/p>\n\n\n\n<figure class=\"wp-block-image size-full\"><img decoding=\"async\" src=\"https:\/\/radiostudiow.com.br\/site\/wp-content\/uploads\/2021\/09\/NUTRI-MALLET.jpg\" alt=\"\" class=\"wp-image-3543\"\/><\/figure>\n\n\n\n<figure class=\"wp-block-gallery columns-2 is-cropped wp-block-gallery-1 is-layout-flex wp-block-gallery-is-layout-flex\"><ul class=\"blocks-gallery-grid\"><li class=\"blocks-gallery-item\"><figure><img loading=\"lazy\" decoding=\"async\" width=\"1024\" height=\"472\" src=\"https:\/\/radiostudiow.com.br\/site\/wp-content\/uploads\/2021\/11\/d2154d4d-0597-4839-8247-a5f238cd2002-1024x472.jpg\" alt=\"\" data-id=\"4669\" data-full-url=\"https:\/\/radiostudiow.com.br\/site\/wp-content\/uploads\/2021\/11\/d2154d4d-0597-4839-8247-a5f238cd2002.jpg\" data-link=\"https:\/\/radiostudiow.com.br\/site\/?attachment_id=4669\" class=\"wp-image-4669\" srcset=\"https:\/\/radiostudiow.com.br\/site\/wp-content\/uploads\/2021\/11\/d2154d4d-0597-4839-8247-a5f238cd2002-1024x472.jpg 1024w, https:\/\/radiostudiow.com.br\/site\/wp-content\/uploads\/2021\/11\/d2154d4d-0597-4839-8247-a5f238cd2002-300x138.jpg 300w, https:\/\/radiostudiow.com.br\/site\/wp-content\/uploads\/2021\/11\/d2154d4d-0597-4839-8247-a5f238cd2002-768x354.jpg 768w, https:\/\/radiostudiow.com.br\/site\/wp-content\/uploads\/2021\/11\/d2154d4d-0597-4839-8247-a5f238cd2002-1536x708.jpg 1536w, https:\/\/radiostudiow.com.br\/site\/wp-content\/uploads\/2021\/11\/d2154d4d-0597-4839-8247-a5f238cd2002.jpg 1600w\" sizes=\"auto, (max-width: 1024px) 100vw, 1024px\" \/><\/figure><\/li><li class=\"blocks-gallery-item\"><figure><img decoding=\"async\" src=\"https:\/\/radiostudiow.com.br\/site\/wp-content\/uploads\/2021\/11\/ef7af90f-5ab0-478e-b60f-e1fb13a5ee02-1024x472.jpg\" alt=\"\" data-id=\"4670\" data-full-url=\"https:\/\/radiostudiow.com.br\/site\/wp-content\/uploads\/2021\/11\/ef7af90f-5ab0-478e-b60f-e1fb13a5ee02.jpg\" data-link=\"https:\/\/radiostudiow.com.br\/site\/?attachment_id=4670\" class=\"wp-image-4670\"\/><\/figure><\/li><\/ul><\/figure>\n","protected":false},"excerpt":{"rendered":"<p>Na tarde dessa quinta &#8211; feira, 25 de Novembro, a Prefeitura Municipal de Mallet com o apoio de professores das escolas do municpio iniciaram as decora\u00e7\u00f5es de Natal. A estrutura da casa do Papai Noel tamb\u00e9m come\u00e7ou a ser montada. Confira algumas fotos do inicio dos trabalhos realizado.<\/p>\n","protected":false},"author":2,"featured_media":4668,"comment_status":"open","ping_status":"open","sticky":false,"template":"","format":"standard","meta":{"footnotes":""},"categories":[184],"tags":[172],"class_list":["post-4667","post","type-post","status-publish","format-standard","has-post-thumbnail","hentry","category-local","tag-featured"],"amp_enabled":true,"_links":{"self":[{"href":"https:\/\/radiostudiow.com.br\/site\/wp-json\/wp\/v2\/posts\/4667","targetHints":{"allow":["GET"]}}],"collection":[{"href":"https:\/\/radiostudiow.com.br\/site\/wp-json\/wp\/v2\/posts"}],"about":[{"href":"https:\/\/radiostudiow.com.br\/site\/wp-json\/wp\/v2\/types\/post"}],"author":[{"embeddable":true,"href":"https:\/\/radiostudiow.com.br\/site\/wp-json\/wp\/v2\/users\/2"}],"replies":[{"embeddable":true,"href":"https:\/\/radiostudiow.com.br\/site\/wp-json\/wp\/v2\/comments?post=4667"}],"version-history":[{"count":1,"href":"https:\/\/radiostudiow.com.br\/site\/wp-json\/wp\/v2\/posts\/4667\/revisions"}],"predecessor-version":[{"id":4671,"href":"https:\/\/radiostudiow.com.br\/site\/wp-json\/wp\/v2\/posts\/4667\/revisions\/4671"}],"wp:featuredmedia":[{"embeddable":true,"href":"https:\/\/radiostudiow.com.br\/site\/wp-json\/wp\/v2\/media\/4668"}],"wp:attachment":[{"href":"https:\/\/radiostudiow.com.br\/site\/wp-json\/wp\/v2\/media?parent=4667"}],"wp:term":[{"taxonomy":"category","embeddable":true,"href":"https:\/\/radiostudiow.com.br\/site\/wp-json\/wp\/v2\/categories?post=4667"},{"taxonomy":"post_tag","embeddable":true,"href":"https:\/\/radiostudiow.com.br\/site\/wp-json\/wp\/v2\/tags?post=4667"}],"curies":[{"name":"wp","href":"https:\/\/api.w.org\/{rel}","templated":true}]}}