{"id":46676,"date":"2026-01-19T09:48:20","date_gmt":"2026-01-19T12:48:20","guid":{"rendered":"https:\/\/radiostudiow.com.br\/site\/?p=46676"},"modified":"2026-01-19T09:48:20","modified_gmt":"2026-01-19T12:48:20","slug":"policia-militar-apreende-armas-de-fogo-em-situacao-irregular-porto-vitoria","status":"publish","type":"post","link":"https:\/\/radiostudiow.com.br\/site\/2026\/01\/19\/policia-militar-apreende-armas-de-fogo-em-situacao-irregular-porto-vitoria\/","title":{"rendered":"Pol\u00edcia Militar apreende armas de fogo em situa\u00e7\u00e3o irregular Porto Vit\u00f3ria"},"content":{"rendered":"\n<figure class=\"wp-block-image size-full\"><img loading=\"lazy\" decoding=\"async\" width=\"731\" height=\"204\" src=\"https:\/\/radiostudiow.com.br\/site\/wp-content\/uploads\/2026\/01\/pax-2026.png\" alt=\"\" class=\"wp-image-46172\" srcset=\"https:\/\/radiostudiow.com.br\/site\/wp-content\/uploads\/2026\/01\/pax-2026.png 731w, https:\/\/radiostudiow.com.br\/site\/wp-content\/uploads\/2026\/01\/pax-2026-300x84.png 300w\" sizes=\"auto, (max-width: 731px) 100vw, 731px\" \/><\/figure>\n\n\n\n<p>As equipes da Pol\u00edcia Militar de Porto Vit\u00f3ria receberam den\u00fancia que uma pessoa estaria de posse de armas de fogo de forma irregular na localidade da Linha Espingarda por volta das 15h30min desse s\u00e1bado (17).<\/p>\n\n\n\n<p>Realizada a abordagem a uma ch\u00e1cara, sendo localizadas duas armas de fogo. Um homem recebeu voz de pris\u00e3o sendo encaminhado junto com o material apreendido a at\u00e9 a sede da 4\u00b0 Subdivis\u00e3o Policial de Uni\u00e3o da Vit\u00f3ria para os procedimentos de Pol\u00edcia Judici\u00e1ria.<\/p>\n\n\n\n<ul class=\"wp-block-list\">\n<li><strong>Foram apreendidos:<\/strong><\/li>\n\n\n\n<li>01 Carabina 9 milimetros;<\/li>\n\n\n\n<li>01 Rev\u00f3lver .357;<\/li>\n\n\n\n<li>50 MUNI\u00c7\u00d5ES 9 milimetros;<\/li>\n\n\n\n<li>05 muni\u00e7\u00f5es .357;<\/li>\n\n\n\n<li>02 muni\u00e7\u00f5es deflagradas de .357.<\/li>\n<\/ul>\n\n\n\n<p><\/p>\n\n\n\n<figure class=\"wp-block-image size-full\"><img loading=\"lazy\" decoding=\"async\" width=\"598\" height=\"204\" src=\"https:\/\/radiostudiow.com.br\/site\/wp-content\/uploads\/2025\/05\/POLAK.png\" alt=\"\" class=\"wp-image-37847\" srcset=\"https:\/\/radiostudiow.com.br\/site\/wp-content\/uploads\/2025\/05\/POLAK.png 598w, https:\/\/radiostudiow.com.br\/site\/wp-content\/uploads\/2025\/05\/POLAK-300x102.png 300w\" sizes=\"auto, (max-width: 598px) 100vw, 598px\" \/><\/figure>\n","protected":false},"excerpt":{"rendered":"<p>As equipes da Pol\u00edcia Militar de Porto Vit\u00f3ria receberam den\u00fancia que uma pessoa estaria de posse de armas de fogo de forma irregular na localidade da Linha Espingarda por volta das 15h30min desse s\u00e1bado (17). Realizada a abordagem a uma ch\u00e1cara, sendo localizadas duas armas de fogo. Um homem recebeu voz de pris\u00e3o sendo encaminhado [&hellip;]<\/p>\n","protected":false},"author":2,"featured_media":46677,"comment_status":"open","ping_status":"open","sticky":false,"template":"","format":"standard","meta":{"footnotes":""},"categories":[2],"tags":[172],"class_list":["post-46676","post","type-post","status-publish","format-standard","has-post-thumbnail","hentry","category-policial","tag-featured"],"amp_enabled":true,"_links":{"self":[{"href":"https:\/\/radiostudiow.com.br\/site\/wp-json\/wp\/v2\/posts\/46676","targetHints":{"allow":["GET"]}}],"collection":[{"href":"https:\/\/radiostudiow.com.br\/site\/wp-json\/wp\/v2\/posts"}],"about":[{"href":"https:\/\/radiostudiow.com.br\/site\/wp-json\/wp\/v2\/types\/post"}],"author":[{"embeddable":true,"href":"https:\/\/radiostudiow.com.br\/site\/wp-json\/wp\/v2\/users\/2"}],"replies":[{"embeddable":true,"href":"https:\/\/radiostudiow.com.br\/site\/wp-json\/wp\/v2\/comments?post=46676"}],"version-history":[{"count":1,"href":"https:\/\/radiostudiow.com.br\/site\/wp-json\/wp\/v2\/posts\/46676\/revisions"}],"predecessor-version":[{"id":46678,"href":"https:\/\/radiostudiow.com.br\/site\/wp-json\/wp\/v2\/posts\/46676\/revisions\/46678"}],"wp:featuredmedia":[{"embeddable":true,"href":"https:\/\/radiostudiow.com.br\/site\/wp-json\/wp\/v2\/media\/46677"}],"wp:attachment":[{"href":"https:\/\/radiostudiow.com.br\/site\/wp-json\/wp\/v2\/media?parent=46676"}],"wp:term":[{"taxonomy":"category","embeddable":true,"href":"https:\/\/radiostudiow.com.br\/site\/wp-json\/wp\/v2\/categories?post=46676"},{"taxonomy":"post_tag","embeddable":true,"href":"https:\/\/radiostudiow.com.br\/site\/wp-json\/wp\/v2\/tags?post=46676"}],"curies":[{"name":"wp","href":"https:\/\/api.w.org\/{rel}","templated":true}]}}