{"id":46681,"date":"2026-01-19T10:50:43","date_gmt":"2026-01-19T13:50:43","guid":{"rendered":"https:\/\/radiostudiow.com.br\/site\/?p=46681"},"modified":"2026-01-19T10:50:44","modified_gmt":"2026-01-19T13:50:44","slug":"policia-militar-prende-homem-por-descumprir-medida-protetiva-em-cruz-machado","status":"publish","type":"post","link":"https:\/\/radiostudiow.com.br\/site\/2026\/01\/19\/policia-militar-prende-homem-por-descumprir-medida-protetiva-em-cruz-machado\/","title":{"rendered":"Pol\u00edcia Militar prende homem por descumprir medida protetiva em Cruz Machado"},"content":{"rendered":"\n<figure class=\"wp-block-image size-large\"><img loading=\"lazy\" decoding=\"async\" width=\"1024\" height=\"335\" src=\"https:\/\/radiostudiow.com.br\/site\/wp-content\/uploads\/2025\/12\/novo-Rodape-1024x335.png\" alt=\"\" class=\"wp-image-45379\" srcset=\"https:\/\/radiostudiow.com.br\/site\/wp-content\/uploads\/2025\/12\/novo-Rodape-1024x335.png 1024w, https:\/\/radiostudiow.com.br\/site\/wp-content\/uploads\/2025\/12\/novo-Rodape-300x98.png 300w, https:\/\/radiostudiow.com.br\/site\/wp-content\/uploads\/2025\/12\/novo-Rodape-768x251.png 768w, https:\/\/radiostudiow.com.br\/site\/wp-content\/uploads\/2025\/12\/novo-Rodape-1536x503.png 1536w, https:\/\/radiostudiow.com.br\/site\/wp-content\/uploads\/2025\/12\/novo-Rodape-2048x670.png 2048w\" sizes=\"auto, (max-width: 1024px) 100vw, 1024px\" \/><\/figure>\n\n\n\n<p>A equipe da Pol\u00edcia Militar de Cruz Machado foi acionada por poss\u00edvel descumprimento de medida<br>protetiva no bairro Matriz por volta das 21 horas desse s\u00e1bado (17).<\/p>\n\n\n\n<p>No local, a v\u00edtima informou que havia uma medida contra um homem, sendo o suspeito encontrado dentro da resid\u00eancia e, ap\u00f3s verifica\u00e7\u00e3o nos sistemas da Pol\u00edcia Militar, foi preso por violar a medida protetiva.<\/p>\n\n\n\n<p>O autor foi informado de seus direitos e foi conduzido \u00e0 delegacia para as provid\u00eancias legais.<\/p>\n","protected":false},"excerpt":{"rendered":"<p>A equipe da Pol\u00edcia Militar de Cruz Machado foi acionada por poss\u00edvel descumprimento de medidaprotetiva no bairro Matriz por volta das 21 horas desse s\u00e1bado (17). No local, a v\u00edtima informou que havia uma medida contra um homem, sendo o suspeito encontrado dentro da resid\u00eancia e, ap\u00f3s verifica\u00e7\u00e3o nos sistemas da Pol\u00edcia Militar, foi preso [&hellip;]<\/p>\n","protected":false},"author":2,"featured_media":34477,"comment_status":"open","ping_status":"open","sticky":false,"template":"","format":"standard","meta":{"footnotes":""},"categories":[2],"tags":[172],"class_list":["post-46681","post","type-post","status-publish","format-standard","has-post-thumbnail","hentry","category-policial","tag-featured"],"amp_enabled":true,"_links":{"self":[{"href":"https:\/\/radiostudiow.com.br\/site\/wp-json\/wp\/v2\/posts\/46681","targetHints":{"allow":["GET"]}}],"collection":[{"href":"https:\/\/radiostudiow.com.br\/site\/wp-json\/wp\/v2\/posts"}],"about":[{"href":"https:\/\/radiostudiow.com.br\/site\/wp-json\/wp\/v2\/types\/post"}],"author":[{"embeddable":true,"href":"https:\/\/radiostudiow.com.br\/site\/wp-json\/wp\/v2\/users\/2"}],"replies":[{"embeddable":true,"href":"https:\/\/radiostudiow.com.br\/site\/wp-json\/wp\/v2\/comments?post=46681"}],"version-history":[{"count":2,"href":"https:\/\/radiostudiow.com.br\/site\/wp-json\/wp\/v2\/posts\/46681\/revisions"}],"predecessor-version":[{"id":46694,"href":"https:\/\/radiostudiow.com.br\/site\/wp-json\/wp\/v2\/posts\/46681\/revisions\/46694"}],"wp:featuredmedia":[{"embeddable":true,"href":"https:\/\/radiostudiow.com.br\/site\/wp-json\/wp\/v2\/media\/34477"}],"wp:attachment":[{"href":"https:\/\/radiostudiow.com.br\/site\/wp-json\/wp\/v2\/media?parent=46681"}],"wp:term":[{"taxonomy":"category","embeddable":true,"href":"https:\/\/radiostudiow.com.br\/site\/wp-json\/wp\/v2\/categories?post=46681"},{"taxonomy":"post_tag","embeddable":true,"href":"https:\/\/radiostudiow.com.br\/site\/wp-json\/wp\/v2\/tags?post=46681"}],"curies":[{"name":"wp","href":"https:\/\/api.w.org\/{rel}","templated":true}]}}