{"id":46689,"date":"2026-01-19T10:33:55","date_gmt":"2026-01-19T13:33:55","guid":{"rendered":"https:\/\/radiostudiow.com.br\/site\/?p=46689"},"modified":"2026-01-19T10:33:56","modified_gmt":"2026-01-19T13:33:56","slug":"carreta-tomba-sobre-carro-funerario-na-br-476-em-trevo-de-acesso-a-paulo-frontin","status":"publish","type":"post","link":"https:\/\/radiostudiow.com.br\/site\/2026\/01\/19\/carreta-tomba-sobre-carro-funerario-na-br-476-em-trevo-de-acesso-a-paulo-frontin\/","title":{"rendered":"Carreta tomba sobre carro funer\u00e1rio na BR-476 em trevo de acesso a Paulo Frontin"},"content":{"rendered":"\n<p>Um acidente de tr\u00e2nsito envolvendo uma carreta Scania e um carro funer\u00e1rio foi registrado na BR-476 pr\u00f3ximo ao trevo de acesso a Paulo Frontin na tarde deste domingo (18).<\/p>\n\n\n\n<p>A carreta acabou tombando e caiu sobre o ve\u00edculo da funer\u00e1ria, no carro estavam dois ocupantes que,\u00a0apesar da gravidade da situa\u00e7\u00e3o, por um milagre sofreram apenas ferimentos leves. Ambos estavam conscientes e orientados no momento do atendimento.<\/p>\n\n\n\n<figure class=\"wp-block-image size-full\"><img loading=\"lazy\" decoding=\"async\" width=\"897\" height=\"204\" src=\"https:\/\/radiostudiow.com.br\/site\/wp-content\/uploads\/2025\/03\/image-62.png\" alt=\"\" class=\"wp-image-35859\" srcset=\"https:\/\/radiostudiow.com.br\/site\/wp-content\/uploads\/2025\/03\/image-62.png 897w, https:\/\/radiostudiow.com.br\/site\/wp-content\/uploads\/2025\/03\/image-62-300x68.png 300w, https:\/\/radiostudiow.com.br\/site\/wp-content\/uploads\/2025\/03\/image-62-768x175.png 768w\" sizes=\"auto, (max-width: 897px) 100vw, 897px\" \/><\/figure>\n\n\n\n<p>As v\u00edtimas receberam os primeiros socorros no local e foram encaminhadas pelo SAMU ao Hospital Regional para avalia\u00e7\u00e3o m\u00e9dica. Ainda conforme apurado, o carro funer\u00e1rio seguia para o IML de Uni\u00e3o da Vit\u00f3ria, onde buscaria um corpo.<\/p>\n\n\n\n<p>At\u00e9 o momento, n\u00e3o h\u00e1 informa\u00e7\u00f5es confirmadas sobre o estado de sa\u00fade do motorista da carreta.\u00a0A ocorr\u00eancia poder\u00e1 ser atualizada a qualquer momento, conforme novas informa\u00e7\u00f5es oficiais forem divulgadas.<a href=\"mailto:?subject=Carreta%20tomba%20sobre%20carro%20funer%C3%A1rio%20na%20BR-476%20e%20deixa%20dois%20feridos&amp;body=https:\/\/www.vvale.com.br\/transito\/carreta-tomba-sobre-carro-funerario-na-br-476-e-deixa-dois-feridos\/\" target=\"_blank\" rel=\"noreferrer noopener\"><\/a><\/p>\n\n\n\n<figure class=\"wp-block-image size-full\"><img loading=\"lazy\" decoding=\"async\" width=\"598\" height=\"204\" src=\"https:\/\/radiostudiow.com.br\/site\/wp-content\/uploads\/2024\/10\/labirati.png\" alt=\"\" class=\"wp-image-28854\" srcset=\"https:\/\/radiostudiow.com.br\/site\/wp-content\/uploads\/2024\/10\/labirati.png 598w, https:\/\/radiostudiow.com.br\/site\/wp-content\/uploads\/2024\/10\/labirati-300x102.png 300w\" sizes=\"auto, (max-width: 598px) 100vw, 598px\" \/><\/figure>\n\n\n\n<figure class=\"wp-block-video\"><video height=\"1080\" style=\"aspect-ratio: 1920 \/ 1080;\" width=\"1920\" controls src=\"https:\/\/radiostudiow.com.br\/site\/wp-content\/uploads\/2026\/01\/TVACIDENTE.mp4\"><\/video><\/figure>\n","protected":false},"excerpt":{"rendered":"<p>Um acidente de tr\u00e2nsito envolvendo uma carreta Scania e um carro funer\u00e1rio foi registrado na BR-476 pr\u00f3ximo ao trevo de acesso a Paulo Frontin na tarde deste domingo (18). A carreta acabou tombando e caiu sobre o ve\u00edculo da funer\u00e1ria, no carro estavam dois ocupantes que,\u00a0apesar da gravidade da situa\u00e7\u00e3o, por um milagre sofreram apenas [&hellip;]<\/p>\n","protected":false},"author":2,"featured_media":46691,"comment_status":"open","ping_status":"open","sticky":false,"template":"","format":"standard","meta":{"footnotes":""},"categories":[185],"tags":[172],"class_list":["post-46689","post","type-post","status-publish","format-standard","has-post-thumbnail","hentry","category-regional","tag-featured"],"amp_enabled":true,"_links":{"self":[{"href":"https:\/\/radiostudiow.com.br\/site\/wp-json\/wp\/v2\/posts\/46689","targetHints":{"allow":["GET"]}}],"collection":[{"href":"https:\/\/radiostudiow.com.br\/site\/wp-json\/wp\/v2\/posts"}],"about":[{"href":"https:\/\/radiostudiow.com.br\/site\/wp-json\/wp\/v2\/types\/post"}],"author":[{"embeddable":true,"href":"https:\/\/radiostudiow.com.br\/site\/wp-json\/wp\/v2\/users\/2"}],"replies":[{"embeddable":true,"href":"https:\/\/radiostudiow.com.br\/site\/wp-json\/wp\/v2\/comments?post=46689"}],"version-history":[{"count":1,"href":"https:\/\/radiostudiow.com.br\/site\/wp-json\/wp\/v2\/posts\/46689\/revisions"}],"predecessor-version":[{"id":46692,"href":"https:\/\/radiostudiow.com.br\/site\/wp-json\/wp\/v2\/posts\/46689\/revisions\/46692"}],"wp:featuredmedia":[{"embeddable":true,"href":"https:\/\/radiostudiow.com.br\/site\/wp-json\/wp\/v2\/media\/46691"}],"wp:attachment":[{"href":"https:\/\/radiostudiow.com.br\/site\/wp-json\/wp\/v2\/media?parent=46689"}],"wp:term":[{"taxonomy":"category","embeddable":true,"href":"https:\/\/radiostudiow.com.br\/site\/wp-json\/wp\/v2\/categories?post=46689"},{"taxonomy":"post_tag","embeddable":true,"href":"https:\/\/radiostudiow.com.br\/site\/wp-json\/wp\/v2\/tags?post=46689"}],"curies":[{"name":"wp","href":"https:\/\/api.w.org\/{rel}","templated":true}]}}