{"id":46698,"date":"2026-01-19T11:04:48","date_gmt":"2026-01-19T14:04:48","guid":{"rendered":"https:\/\/radiostudiow.com.br\/site\/?p=46698"},"modified":"2026-01-19T11:04:49","modified_gmt":"2026-01-19T14:04:49","slug":"funcionario-da-sanepar-encontra-feto-humano-durante-limpeza-de-esgoto-em-imbituva","status":"publish","type":"post","link":"https:\/\/radiostudiow.com.br\/site\/2026\/01\/19\/funcionario-da-sanepar-encontra-feto-humano-durante-limpeza-de-esgoto-em-imbituva\/","title":{"rendered":"Funcion\u00e1rio da Sanepar encontra feto humano durante limpeza de esgoto em Imbituva"},"content":{"rendered":"\n<figure class=\"wp-block-image size-full\"><img loading=\"lazy\" decoding=\"async\" width=\"598\" height=\"204\" src=\"https:\/\/radiostudiow.com.br\/site\/wp-content\/uploads\/2024\/01\/SITE-MEDIO.png\" alt=\"\" class=\"wp-image-18916\" srcset=\"https:\/\/radiostudiow.com.br\/site\/wp-content\/uploads\/2024\/01\/SITE-MEDIO.png 598w, https:\/\/radiostudiow.com.br\/site\/wp-content\/uploads\/2024\/01\/SITE-MEDIO-300x102.png 300w\" sizes=\"auto, (max-width: 598px) 100vw, 598px\" \/><\/figure>\n\n\n\n<p>Um funcion\u00e1rio da Companhia de Saneamento do Paran\u00e1 (Sanepar) encontrou um feto no momento em que realizava um trabalho de limpeza de caixas de esgoto em uma esta\u00e7\u00e3o de tratamento de esgoto na Vila Brasil, em Imbituva durante a manh\u00e3 de s\u00e1bado (17).<\/p>\n\n\n\n<p>Conforme informa\u00e7\u00f5es da Pol\u00edcia Militar do Paran\u00e1, os policiais foram acionados pelo funcion\u00e1rio, que explicou ser respons\u00e1vel pela limpeza das caixas de passagem do esgoto. O funcion\u00e1rio informou que, ap\u00f3s iniciar a retirada da sujeita presa na grade da caixa, acabou encontrando algo que se assemelhava a um feto humano.<\/p>\n\n\n\n<p>Ap\u00f3s a explica\u00e7\u00e3o inicial, o trabalhador mostrou aos policiais onde estava o feto, sendo ent\u00e3o realizada a captura de imagens por parte dos policiais para que fossem repassadas ao plant\u00e3o da pol\u00edcia civil e tamb\u00e9m ao plant\u00e3o do Instituto M\u00e9dico Legal (IML).<\/p>\n\n\n\n<p>Ap\u00f3s esta a\u00e7\u00e3o, compareceram no local equipes da ag\u00eancia de intelig\u00eancia da 8\u00aa Companhia Independente da Pol\u00edcia Militar (8\u00aa CIPM), per\u00edcia, m\u00e9dico legista e equipe de remo\u00e7\u00e3o do IML de Ponta Grossa.<\/p>\n\n\n\n<p class=\"has-text-align-center\"><em>Fonte: Portal Irati\u00a0\/ D\u00b4Ponta News<\/em><\/p>\n\n\n\n<figure class=\"wp-block-gallery has-nested-images columns-default is-cropped wp-block-gallery-1 is-layout-flex wp-block-gallery-is-layout-flex\">\n<figure class=\"wp-block-image size-large\"><img loading=\"lazy\" decoding=\"async\" width=\"1024\" height=\"614\" data-id=\"45321\" src=\"https:\/\/radiostudiow.com.br\/site\/wp-content\/uploads\/2025\/12\/SITES-PEQUENO-GRANDE-1024x614.png\" alt=\"\" class=\"wp-image-45321\" srcset=\"https:\/\/radiostudiow.com.br\/site\/wp-content\/uploads\/2025\/12\/SITES-PEQUENO-GRANDE-1024x614.png 1024w, https:\/\/radiostudiow.com.br\/site\/wp-content\/uploads\/2025\/12\/SITES-PEQUENO-GRANDE-300x180.png 300w, https:\/\/radiostudiow.com.br\/site\/wp-content\/uploads\/2025\/12\/SITES-PEQUENO-GRANDE-768x461.png 768w, https:\/\/radiostudiow.com.br\/site\/wp-content\/uploads\/2025\/12\/SITES-PEQUENO-GRANDE-1536x921.png 1536w, https:\/\/radiostudiow.com.br\/site\/wp-content\/uploads\/2025\/12\/SITES-PEQUENO-GRANDE-1000x600.png 1000w, https:\/\/radiostudiow.com.br\/site\/wp-content\/uploads\/2025\/12\/SITES-PEQUENO-GRANDE-590x354.png 590w, https:\/\/radiostudiow.com.br\/site\/wp-content\/uploads\/2025\/12\/SITES-PEQUENO-GRANDE-400x240.png 400w, https:\/\/radiostudiow.com.br\/site\/wp-content\/uploads\/2025\/12\/SITES-PEQUENO-GRANDE.png 1672w\" sizes=\"auto, (max-width: 1024px) 100vw, 1024px\" \/><\/figure>\n\n\n\n<figure class=\"wp-block-image size-large\"><img loading=\"lazy\" decoding=\"async\" width=\"300\" height=\"180\" data-id=\"38684\" src=\"https:\/\/radiostudiow.com.br\/site\/wp-content\/uploads\/2025\/05\/SITE-PEQUENO.jpg\" alt=\"\" class=\"wp-image-38684\"\/><\/figure>\n<\/figure>\n\n\n\n<p><\/p>\n","protected":false},"excerpt":{"rendered":"<p>Um funcion\u00e1rio da Companhia de Saneamento do Paran\u00e1 (Sanepar) encontrou um feto no momento em que realizava um trabalho de limpeza de caixas de esgoto em uma esta\u00e7\u00e3o de tratamento de esgoto na Vila Brasil, em Imbituva durante a manh\u00e3 de s\u00e1bado (17). Conforme informa\u00e7\u00f5es da Pol\u00edcia Militar do Paran\u00e1, os policiais foram acionados pelo [&hellip;]<\/p>\n","protected":false},"author":2,"featured_media":7526,"comment_status":"open","ping_status":"open","sticky":false,"template":"","format":"standard","meta":{"footnotes":""},"categories":[2],"tags":[172],"class_list":["post-46698","post","type-post","status-publish","format-standard","has-post-thumbnail","hentry","category-policial","tag-featured"],"amp_enabled":true,"_links":{"self":[{"href":"https:\/\/radiostudiow.com.br\/site\/wp-json\/wp\/v2\/posts\/46698","targetHints":{"allow":["GET"]}}],"collection":[{"href":"https:\/\/radiostudiow.com.br\/site\/wp-json\/wp\/v2\/posts"}],"about":[{"href":"https:\/\/radiostudiow.com.br\/site\/wp-json\/wp\/v2\/types\/post"}],"author":[{"embeddable":true,"href":"https:\/\/radiostudiow.com.br\/site\/wp-json\/wp\/v2\/users\/2"}],"replies":[{"embeddable":true,"href":"https:\/\/radiostudiow.com.br\/site\/wp-json\/wp\/v2\/comments?post=46698"}],"version-history":[{"count":2,"href":"https:\/\/radiostudiow.com.br\/site\/wp-json\/wp\/v2\/posts\/46698\/revisions"}],"predecessor-version":[{"id":46701,"href":"https:\/\/radiostudiow.com.br\/site\/wp-json\/wp\/v2\/posts\/46698\/revisions\/46701"}],"wp:featuredmedia":[{"embeddable":true,"href":"https:\/\/radiostudiow.com.br\/site\/wp-json\/wp\/v2\/media\/7526"}],"wp:attachment":[{"href":"https:\/\/radiostudiow.com.br\/site\/wp-json\/wp\/v2\/media?parent=46698"}],"wp:term":[{"taxonomy":"category","embeddable":true,"href":"https:\/\/radiostudiow.com.br\/site\/wp-json\/wp\/v2\/categories?post=46698"},{"taxonomy":"post_tag","embeddable":true,"href":"https:\/\/radiostudiow.com.br\/site\/wp-json\/wp\/v2\/tags?post=46698"}],"curies":[{"name":"wp","href":"https:\/\/api.w.org\/{rel}","templated":true}]}}