{"id":46704,"date":"2026-01-19T16:42:59","date_gmt":"2026-01-19T19:42:59","guid":{"rendered":"https:\/\/radiostudiow.com.br\/site\/?p=46704"},"modified":"2026-01-19T16:55:31","modified_gmt":"2026-01-19T19:55:31","slug":"corpo-de-jovem-de-29-anos-e-encontrado-boiando-proximo-a-ponte-do-santinho-em-reboucas","status":"publish","type":"post","link":"https:\/\/radiostudiow.com.br\/site\/2026\/01\/19\/corpo-de-jovem-de-29-anos-e-encontrado-boiando-proximo-a-ponte-do-santinho-em-reboucas\/","title":{"rendered":"Corpo de jovem de 29 anos \u00e9 encontrado boiando pr\u00f3ximo a ponte do Santinho em Rebou\u00e7as"},"content":{"rendered":"\n<figure class=\"wp-block-image size-full\"><img loading=\"lazy\" decoding=\"async\" width=\"897\" height=\"204\" src=\"https:\/\/radiostudiow.com.br\/site\/wp-content\/uploads\/2025\/03\/image-62.png\" alt=\"\" class=\"wp-image-35859\" srcset=\"https:\/\/radiostudiow.com.br\/site\/wp-content\/uploads\/2025\/03\/image-62.png 897w, https:\/\/radiostudiow.com.br\/site\/wp-content\/uploads\/2025\/03\/image-62-300x68.png 300w, https:\/\/radiostudiow.com.br\/site\/wp-content\/uploads\/2025\/03\/image-62-768x175.png 768w\" sizes=\"auto, (max-width: 897px) 100vw, 897px\" \/><\/figure>\n\n\n\n<p>O corpo de um homem, identificado como Lucas Natal Fernandes de 29 anos de idade, foi encontrado boiando pr\u00f3ximo a Ponte do Rio Barra na comunidade do Saltinho em Rebou\u00e7as na tarde deste s\u00e1bado (17).<\/p>\n\n\n\n<p>Segundo informa\u00e7\u00f5es, Lucas estava desaparecido desde a \u00faltima ter\u00e7a-feira (13). A localiza\u00e7\u00e3o do corpo aconteceu quando um morador visualizou o corpo boiando e acionou as autoridades.<\/p>\n\n\n\n<p>De acordo com as primeiras informa\u00e7\u00f5es, a Pol\u00edcia Militar foi acionada e esteve no local, onde realizou o isolamento da \u00e1rea para garantir a seguran\u00e7a e preservar a cena at\u00e9 a chegada do Corpo de Bombeiros, que efetuou a retirada do corpo da \u00e1gua.<\/p>\n\n\n\n<p>A Pol\u00edcia Civil e o Instituto M\u00e9dico-Legal (IML) tamb\u00e9m foram acionados para os procedimentos legais. Investiga\u00e7\u00e3o est\u00e1 em andamento e a per\u00edcia poder\u00e1 esclarecer a causa da morte.<\/p>\n\n\n\n<p class=\"has-text-align-center\"><em>Fonte: Alvorada FM<\/em><\/p>\n\n\n\n<figure class=\"wp-block-gallery has-nested-images columns-default is-cropped wp-block-gallery-1 is-layout-flex wp-block-gallery-is-layout-flex\">\n<figure class=\"wp-block-image size-large\"><img loading=\"lazy\" decoding=\"async\" width=\"300\" height=\"180\" data-id=\"38014\" src=\"https:\/\/radiostudiow.com.br\/site\/wp-content\/uploads\/2025\/05\/VANE.png\" alt=\"\" class=\"wp-image-38014\"\/><\/figure>\n\n\n\n<figure class=\"wp-block-image size-large\"><img loading=\"lazy\" decoding=\"async\" width=\"300\" height=\"180\" data-id=\"41962\" src=\"https:\/\/radiostudiow.com.br\/site\/wp-content\/uploads\/2025\/08\/LILO.png\" alt=\"\" class=\"wp-image-41962\"\/><\/figure>\n<\/figure>\n\n\n\n<figure class=\"wp-block-image size-large\"><img loading=\"lazy\" decoding=\"async\" width=\"819\" height=\"1024\" src=\"https:\/\/radiostudiow.com.br\/site\/wp-content\/uploads\/2026\/01\/615454994_1637119434310477_5221907224933429318_n-819x1024.jpg\" alt=\"\" class=\"wp-image-46708\" srcset=\"https:\/\/radiostudiow.com.br\/site\/wp-content\/uploads\/2026\/01\/615454994_1637119434310477_5221907224933429318_n-819x1024.jpg 819w, https:\/\/radiostudiow.com.br\/site\/wp-content\/uploads\/2026\/01\/615454994_1637119434310477_5221907224933429318_n-240x300.jpg 240w, https:\/\/radiostudiow.com.br\/site\/wp-content\/uploads\/2026\/01\/615454994_1637119434310477_5221907224933429318_n-768x960.jpg 768w, https:\/\/radiostudiow.com.br\/site\/wp-content\/uploads\/2026\/01\/615454994_1637119434310477_5221907224933429318_n.jpg 1080w\" sizes=\"auto, (max-width: 819px) 100vw, 819px\" \/><\/figure>\n","protected":false},"excerpt":{"rendered":"<p>O corpo de um homem, identificado como Lucas Natal Fernandes de 29 anos de idade, foi encontrado boiando pr\u00f3ximo a Ponte do Rio Barra na comunidade do Saltinho em Rebou\u00e7as na tarde deste s\u00e1bado (17). Segundo informa\u00e7\u00f5es, Lucas estava desaparecido desde a \u00faltima ter\u00e7a-feira (13). A localiza\u00e7\u00e3o do corpo aconteceu quando um morador visualizou o [&hellip;]<\/p>\n","protected":false},"author":2,"featured_media":46707,"comment_status":"open","ping_status":"open","sticky":false,"template":"","format":"standard","meta":{"footnotes":""},"categories":[185],"tags":[172],"class_list":["post-46704","post","type-post","status-publish","format-standard","has-post-thumbnail","hentry","category-regional","tag-featured"],"amp_enabled":true,"_links":{"self":[{"href":"https:\/\/radiostudiow.com.br\/site\/wp-json\/wp\/v2\/posts\/46704","targetHints":{"allow":["GET"]}}],"collection":[{"href":"https:\/\/radiostudiow.com.br\/site\/wp-json\/wp\/v2\/posts"}],"about":[{"href":"https:\/\/radiostudiow.com.br\/site\/wp-json\/wp\/v2\/types\/post"}],"author":[{"embeddable":true,"href":"https:\/\/radiostudiow.com.br\/site\/wp-json\/wp\/v2\/users\/2"}],"replies":[{"embeddable":true,"href":"https:\/\/radiostudiow.com.br\/site\/wp-json\/wp\/v2\/comments?post=46704"}],"version-history":[{"count":3,"href":"https:\/\/radiostudiow.com.br\/site\/wp-json\/wp\/v2\/posts\/46704\/revisions"}],"predecessor-version":[{"id":46712,"href":"https:\/\/radiostudiow.com.br\/site\/wp-json\/wp\/v2\/posts\/46704\/revisions\/46712"}],"wp:featuredmedia":[{"embeddable":true,"href":"https:\/\/radiostudiow.com.br\/site\/wp-json\/wp\/v2\/media\/46707"}],"wp:attachment":[{"href":"https:\/\/radiostudiow.com.br\/site\/wp-json\/wp\/v2\/media?parent=46704"}],"wp:term":[{"taxonomy":"category","embeddable":true,"href":"https:\/\/radiostudiow.com.br\/site\/wp-json\/wp\/v2\/categories?post=46704"},{"taxonomy":"post_tag","embeddable":true,"href":"https:\/\/radiostudiow.com.br\/site\/wp-json\/wp\/v2\/tags?post=46704"}],"curies":[{"name":"wp","href":"https:\/\/api.w.org\/{rel}","templated":true}]}}