{"id":46736,"date":"2026-01-20T10:37:54","date_gmt":"2026-01-20T13:37:54","guid":{"rendered":"https:\/\/radiostudiow.com.br\/site\/?p=46736"},"modified":"2026-01-20T10:37:54","modified_gmt":"2026-01-20T13:37:54","slug":"morte-de-adolescente-em-uniao-da-vitoria-gera-questionamentos-sobre-atendimento-medico","status":"publish","type":"post","link":"https:\/\/radiostudiow.com.br\/site\/2026\/01\/20\/morte-de-adolescente-em-uniao-da-vitoria-gera-questionamentos-sobre-atendimento-medico\/","title":{"rendered":"Morte de adolescente em Uni\u00e3o da Vit\u00f3ria gera questionamentos sobre atendimento m\u00e9dico"},"content":{"rendered":"\n<figure class=\"wp-block-image size-full\"><img loading=\"lazy\" decoding=\"async\" width=\"897\" height=\"204\" src=\"https:\/\/radiostudiow.com.br\/site\/wp-content\/uploads\/2025\/03\/image-62.png\" alt=\"\" class=\"wp-image-35859\" srcset=\"https:\/\/radiostudiow.com.br\/site\/wp-content\/uploads\/2025\/03\/image-62.png 897w, https:\/\/radiostudiow.com.br\/site\/wp-content\/uploads\/2025\/03\/image-62-300x68.png 300w, https:\/\/radiostudiow.com.br\/site\/wp-content\/uploads\/2025\/03\/image-62-768x175.png 768w\" sizes=\"auto, (max-width: 897px) 100vw, 897px\" \/><\/figure>\n\n\n\n<p>A morte da adolescente Brenda Cristina Rodrigues, de 17 anos, registrada na segunda-feira (19), causou forte como\u00e7\u00e3o em Uni\u00e3o da Vit\u00f3ria e tamb\u00e9m no munic\u00edpio vizinho de Porto Uni\u00e3o. A jovem estava internada na Unidade de Terapia Intensiva (UTI) do Hospital APMI, onde n\u00e3o resistiu \u00e0s complica\u00e7\u00f5es do seu quadro cl\u00ednico.<\/p>\n\n\n\n<p>Segundo relatos de familiares, Brenda procurou atendimento m\u00e9dico em diferentes ocasi\u00f5es na Unidade de Pronto Atendimento (UPA) de Uni\u00e3o da Vit\u00f3ria. Conforme a fam\u00edlia, nos atendimentos realizados, o diagn\u00f3stico inicial apontado teria sido de ansiedade.<\/p>\n\n\n\n<p>No \u00faltimo fim de semana, entretanto, o estado de sa\u00fade da adolescente apresentou r\u00e1pida piora, levando os familiares a buscarem novamente aux\u00edlio m\u00e9dico, desta vez no Hospital APMI. Ap\u00f3s avalia\u00e7\u00e3o da equipe m\u00e9dica, Brenda foi internada na UTI, sendo informada \u00e0 fam\u00edlia a suspeita de uma infec\u00e7\u00e3o bacteriana.<\/p>\n\n\n\n<figure class=\"wp-block-image size-full\"><img loading=\"lazy\" decoding=\"async\" width=\"598\" height=\"204\" src=\"https:\/\/radiostudiow.com.br\/site\/wp-content\/uploads\/2025\/05\/POLAK.png\" alt=\"\" class=\"wp-image-37847\" srcset=\"https:\/\/radiostudiow.com.br\/site\/wp-content\/uploads\/2025\/05\/POLAK.png 598w, https:\/\/radiostudiow.com.br\/site\/wp-content\/uploads\/2025\/05\/POLAK-300x102.png 300w\" sizes=\"auto, (max-width: 598px) 100vw, 598px\" \/><\/figure>\n\n\n\n<p>O caso ganhou grande repercuss\u00e3o na comunidade e levantou d\u00favidas quanto \u00e0 conduta adotada nos atendimentos anteriores. A UPA de Uni\u00e3o da Vit\u00f3ria \u00e9 administrada por uma empresa terceirizada, a Humaniza, o que intensificou os questionamentos sobre os protocolos e procedimentos adotados na unidade.<\/p>\n\n\n\n<p>Diante da situa\u00e7\u00e3o, a Prefeitura de Uni\u00e3o da Vit\u00f3ria informou, por meio de nota, que abriu uma apura\u00e7\u00e3o interna para esclarecer como ocorreu o atendimento prestado \u00e0 adolescente na UPA e verificar se todos os protocolos m\u00e9dicos foram devidamente seguidos.<\/p>\n\n\n\n<p>O caso segue em an\u00e1lise, enquanto familiares, amigos e a comunidade aguardam esclarecimentos sobre as circunst\u00e2ncias que levaram \u00e0 morte da jovem.<\/p>\n\n\n\n<p class=\"has-text-align-center\"><em>Fonte: Canal 4 TV<\/em><\/p>\n","protected":false},"excerpt":{"rendered":"<p>A morte da adolescente Brenda Cristina Rodrigues, de 17 anos, registrada na segunda-feira (19), causou forte como\u00e7\u00e3o em Uni\u00e3o da Vit\u00f3ria e tamb\u00e9m no munic\u00edpio vizinho de Porto Uni\u00e3o. A jovem estava internada na Unidade de Terapia Intensiva (UTI) do Hospital APMI, onde n\u00e3o resistiu \u00e0s complica\u00e7\u00f5es do seu quadro cl\u00ednico. Segundo relatos de familiares, [&hellip;]<\/p>\n","protected":false},"author":2,"featured_media":46740,"comment_status":"open","ping_status":"open","sticky":false,"template":"","format":"standard","meta":{"footnotes":""},"categories":[185],"tags":[172],"class_list":["post-46736","post","type-post","status-publish","format-standard","has-post-thumbnail","hentry","category-regional","tag-featured"],"amp_enabled":true,"_links":{"self":[{"href":"https:\/\/radiostudiow.com.br\/site\/wp-json\/wp\/v2\/posts\/46736","targetHints":{"allow":["GET"]}}],"collection":[{"href":"https:\/\/radiostudiow.com.br\/site\/wp-json\/wp\/v2\/posts"}],"about":[{"href":"https:\/\/radiostudiow.com.br\/site\/wp-json\/wp\/v2\/types\/post"}],"author":[{"embeddable":true,"href":"https:\/\/radiostudiow.com.br\/site\/wp-json\/wp\/v2\/users\/2"}],"replies":[{"embeddable":true,"href":"https:\/\/radiostudiow.com.br\/site\/wp-json\/wp\/v2\/comments?post=46736"}],"version-history":[{"count":2,"href":"https:\/\/radiostudiow.com.br\/site\/wp-json\/wp\/v2\/posts\/46736\/revisions"}],"predecessor-version":[{"id":46741,"href":"https:\/\/radiostudiow.com.br\/site\/wp-json\/wp\/v2\/posts\/46736\/revisions\/46741"}],"wp:featuredmedia":[{"embeddable":true,"href":"https:\/\/radiostudiow.com.br\/site\/wp-json\/wp\/v2\/media\/46740"}],"wp:attachment":[{"href":"https:\/\/radiostudiow.com.br\/site\/wp-json\/wp\/v2\/media?parent=46736"}],"wp:term":[{"taxonomy":"category","embeddable":true,"href":"https:\/\/radiostudiow.com.br\/site\/wp-json\/wp\/v2\/categories?post=46736"},{"taxonomy":"post_tag","embeddable":true,"href":"https:\/\/radiostudiow.com.br\/site\/wp-json\/wp\/v2\/tags?post=46736"}],"curies":[{"name":"wp","href":"https:\/\/api.w.org\/{rel}","templated":true}]}}