{"id":46745,"date":"2026-01-20T17:12:45","date_gmt":"2026-01-20T20:12:45","guid":{"rendered":"https:\/\/radiostudiow.com.br\/site\/?p=46745"},"modified":"2026-01-20T17:18:04","modified_gmt":"2026-01-20T20:18:04","slug":"dois-caminhoes-se-envolvem-em-acidente-e-saem-da-pista-na-serra-do-leao","status":"publish","type":"post","link":"https:\/\/radiostudiow.com.br\/site\/2026\/01\/20\/dois-caminhoes-se-envolvem-em-acidente-e-saem-da-pista-na-serra-do-leao\/","title":{"rendered":"Dois caminh\u00f5es se envolvem em acidente e saem da pista na\u00a0Serra do Le\u00e3o"},"content":{"rendered":"\n<figure class=\"wp-block-image size-full\"><img loading=\"lazy\" decoding=\"async\" width=\"731\" height=\"246\" src=\"https:\/\/radiostudiow.com.br\/site\/wp-content\/uploads\/2026\/01\/VITALY.png\" alt=\"\" class=\"wp-image-46547\" srcset=\"https:\/\/radiostudiow.com.br\/site\/wp-content\/uploads\/2026\/01\/VITALY.png 731w, https:\/\/radiostudiow.com.br\/site\/wp-content\/uploads\/2026\/01\/VITALY-300x101.png 300w\" sizes=\"auto, (max-width: 731px) 100vw, 731px\" \/><\/figure>\n\n\n\n<p class=\"has-text-align-center\"><em>Fonte: V.Vale<\/em><\/p>\n\n\n\n<p>A perigosa regi\u00e3o da&nbsp;Serra do Le\u00e3o, na BR-153, foi palco de mais um acidente por volta das 10h15min desta ter\u00e7a-feira (20).<\/p>\n\n\n\n<p>Dois caminh\u00f5es se envolveram em uma colis\u00e3o seguida de sa\u00edda de pista, mobilizando as equipes de resgate do Corpo de Bombeiros.<\/p>\n\n\n\n<p>De acordo com informa\u00e7\u00f5es oficiais da corpora\u00e7\u00e3o, o incidente envolveu dois ve\u00edculos de carga.&nbsp;Com o impacto, os caminh\u00f5es acabaram saindo da rodovia.&nbsp;Apesar da gravidade do cen\u00e1rio, quando os socorristas chegaram ao local, os ocupantes j\u00e1 haviam conseguido sair dos ve\u00edculos por conta pr\u00f3pria.<\/p>\n\n\n\n<figure class=\"wp-block-image size-full\"><img loading=\"lazy\" decoding=\"async\" width=\"598\" height=\"204\" src=\"https:\/\/radiostudiow.com.br\/site\/wp-content\/uploads\/2025\/04\/BOROX.png\" alt=\"\" class=\"wp-image-37229\" srcset=\"https:\/\/radiostudiow.com.br\/site\/wp-content\/uploads\/2025\/04\/BOROX.png 598w, https:\/\/radiostudiow.com.br\/site\/wp-content\/uploads\/2025\/04\/BOROX-300x102.png 300w\" sizes=\"auto, (max-width: 598px) 100vw, 598px\" \/><\/figure>\n\n\n\n<p>Duas pessoas ficaram feridas na ocorr\u00eancia.&nbsp;Um homem de 44 anos e uma mulher de 52 anos.<\/p>\n\n\n\n<p>Ambos receberam os primeiros atendimentos ainda na rodovia. Segundo os bombeiros, as v\u00edtimas apresentavam&nbsp;ferimentos moderados&nbsp;e foram imobilizadas e encaminhadas para o&nbsp;Hospital Regional de Uni\u00e3o da Vit\u00f3ria&nbsp;para exames detalhados.<\/p>\n\n\n\n<h3 class=\"wp-block-heading\">Tr\u00e2nsito<\/h3>\n\n\n\n<p>O tr\u00e1fego na BR-153, no trecho da Serra, operou com lentid\u00e3o durante o atendimento, mas n\u00e3o houve necessidade de interdi\u00e7\u00e3o total da pista. A Pol\u00edcia Rodovi\u00e1ria Federal (PRF) tamb\u00e9m foi acionada para realizar o levantamento das causas do acidente e coordenar a remo\u00e7\u00e3o dos ve\u00edculos.<\/p>\n\n\n\n<figure class=\"wp-block-video\"><video height=\"850\" style=\"aspect-ratio: 474 \/ 850;\" width=\"474\" controls src=\"https:\/\/radiostudiow.com.br\/site\/wp-content\/uploads\/2026\/01\/WhatsApp-Video-2026-01-20-at-12.15.30.mp4\"><\/video><\/figure>\n","protected":false},"excerpt":{"rendered":"<p>Fonte: V.Vale A perigosa regi\u00e3o da&nbsp;Serra do Le\u00e3o, na BR-153, foi palco de mais um acidente por volta das 10h15min desta ter\u00e7a-feira (20). Dois caminh\u00f5es se envolveram em uma colis\u00e3o seguida de sa\u00edda de pista, mobilizando as equipes de resgate do Corpo de Bombeiros. De acordo com informa\u00e7\u00f5es oficiais da corpora\u00e7\u00e3o, o incidente envolveu dois [&hellip;]<\/p>\n","protected":false},"author":2,"featured_media":46747,"comment_status":"open","ping_status":"open","sticky":false,"template":"","format":"standard","meta":{"footnotes":""},"categories":[185],"tags":[172],"class_list":["post-46745","post","type-post","status-publish","format-standard","has-post-thumbnail","hentry","category-regional","tag-featured"],"amp_enabled":true,"_links":{"self":[{"href":"https:\/\/radiostudiow.com.br\/site\/wp-json\/wp\/v2\/posts\/46745","targetHints":{"allow":["GET"]}}],"collection":[{"href":"https:\/\/radiostudiow.com.br\/site\/wp-json\/wp\/v2\/posts"}],"about":[{"href":"https:\/\/radiostudiow.com.br\/site\/wp-json\/wp\/v2\/types\/post"}],"author":[{"embeddable":true,"href":"https:\/\/radiostudiow.com.br\/site\/wp-json\/wp\/v2\/users\/2"}],"replies":[{"embeddable":true,"href":"https:\/\/radiostudiow.com.br\/site\/wp-json\/wp\/v2\/comments?post=46745"}],"version-history":[{"count":2,"href":"https:\/\/radiostudiow.com.br\/site\/wp-json\/wp\/v2\/posts\/46745\/revisions"}],"predecessor-version":[{"id":46750,"href":"https:\/\/radiostudiow.com.br\/site\/wp-json\/wp\/v2\/posts\/46745\/revisions\/46750"}],"wp:featuredmedia":[{"embeddable":true,"href":"https:\/\/radiostudiow.com.br\/site\/wp-json\/wp\/v2\/media\/46747"}],"wp:attachment":[{"href":"https:\/\/radiostudiow.com.br\/site\/wp-json\/wp\/v2\/media?parent=46745"}],"wp:term":[{"taxonomy":"category","embeddable":true,"href":"https:\/\/radiostudiow.com.br\/site\/wp-json\/wp\/v2\/categories?post=46745"},{"taxonomy":"post_tag","embeddable":true,"href":"https:\/\/radiostudiow.com.br\/site\/wp-json\/wp\/v2\/tags?post=46745"}],"curies":[{"name":"wp","href":"https:\/\/api.w.org\/{rel}","templated":true}]}}