{"id":46755,"date":"2026-01-20T18:19:43","date_gmt":"2026-01-20T21:19:43","guid":{"rendered":"https:\/\/radiostudiow.com.br\/site\/?p=46755"},"modified":"2026-01-20T18:19:44","modified_gmt":"2026-01-20T21:19:44","slug":"policia-militar-de-rio-azul-registrou-caso-de-embriagues-ao-volante-dano-e-violencia-domestica","status":"publish","type":"post","link":"https:\/\/radiostudiow.com.br\/site\/2026\/01\/20\/policia-militar-de-rio-azul-registrou-caso-de-embriagues-ao-volante-dano-e-violencia-domestica\/","title":{"rendered":"Pol\u00edcia Militar de Rio Azul registrou caso de embriagues ao volante, dano e viol\u00eancia dom\u00e9stica"},"content":{"rendered":"\n<figure class=\"wp-block-gallery has-nested-images columns-default is-cropped wp-block-gallery-1 is-layout-flex wp-block-gallery-is-layout-flex\">\n<figure class=\"wp-block-image size-large\"><img loading=\"lazy\" decoding=\"async\" width=\"300\" height=\"180\" data-id=\"38684\" src=\"https:\/\/radiostudiow.com.br\/site\/wp-content\/uploads\/2025\/05\/SITE-PEQUENO.jpg\" alt=\"\" class=\"wp-image-38684\"\/><\/figure>\n\n\n\n<figure class=\"wp-block-image size-large\"><img loading=\"lazy\" decoding=\"async\" width=\"300\" height=\"180\" data-id=\"41962\" src=\"https:\/\/radiostudiow.com.br\/site\/wp-content\/uploads\/2025\/08\/LILO.png\" alt=\"\" class=\"wp-image-41962\"\/><\/figure>\n<\/figure>\n\n\n\n<p>A equipe da Pol\u00edcia Militar de Rio Azul registrou caso de embriagues ao volante, dano e viol\u00eancia dom\u00e9stica nessa segunda-feira (19).<\/p>\n\n\n\n<p>Por volta das 16 horas os policiais se deslocaram at\u00e9 a \u00e1rea central da cidade, onde um ve\u00edculo teria invadido uma resid\u00eancia.<\/p>\n\n\n\n<p>No local, a equipe constataram que o ve\u00edculo havia danificado o port\u00e3o ao invadir o im\u00f3vel e o condutor estava com sintomas de embriaguez.<\/p>\n\n\n\n<p>O condutor foi submetido ao teste do etil\u00f4metro, qual aferiu 1,10 MG\/L, ap\u00f3s o mesmo conduzido a Delegacia de Policia Civil para provid\u00eancias.<\/p>\n\n\n\n<figure class=\"wp-block-image size-full\"><img loading=\"lazy\" decoding=\"async\" width=\"598\" height=\"204\" src=\"https:\/\/radiostudiow.com.br\/site\/wp-content\/uploads\/2024\/10\/labirati.png\" alt=\"\" class=\"wp-image-28854\" srcset=\"https:\/\/radiostudiow.com.br\/site\/wp-content\/uploads\/2024\/10\/labirati.png 598w, https:\/\/radiostudiow.com.br\/site\/wp-content\/uploads\/2024\/10\/labirati-300x102.png 300w\" sizes=\"auto, (max-width: 598px) 100vw, 598px\" \/><\/figure>\n\n\n\n<p>Por volta das 23h45min a equipe policial foi acionada para se deslocar at\u00e9 a Localidade de Cachoeira dos Paulistas, onde a v\u00edtima teria sido agredida por seu convivente, sendo golpeada por uma faca,<br>ocasionando les\u00f5es nas m\u00e3os e cotovelo.<\/p>\n\n\n\n<p>Na resid\u00eancia, o autor n\u00e3o foi localizado. Sendo permanecido no local para retirada de alguns pertences pessoais por parte da v\u00edtima.<\/p>\n","protected":false},"excerpt":{"rendered":"<p>A equipe da Pol\u00edcia Militar de Rio Azul registrou caso de embriagues ao volante, dano e viol\u00eancia dom\u00e9stica nessa segunda-feira (19). Por volta das 16 horas os policiais se deslocaram at\u00e9 a \u00e1rea central da cidade, onde um ve\u00edculo teria invadido uma resid\u00eancia. No local, a equipe constataram que o ve\u00edculo havia danificado o port\u00e3o [&hellip;]<\/p>\n","protected":false},"author":2,"featured_media":35305,"comment_status":"open","ping_status":"open","sticky":false,"template":"","format":"standard","meta":{"footnotes":""},"categories":[2],"tags":[172],"class_list":["post-46755","post","type-post","status-publish","format-standard","has-post-thumbnail","hentry","category-policial","tag-featured"],"amp_enabled":true,"_links":{"self":[{"href":"https:\/\/radiostudiow.com.br\/site\/wp-json\/wp\/v2\/posts\/46755","targetHints":{"allow":["GET"]}}],"collection":[{"href":"https:\/\/radiostudiow.com.br\/site\/wp-json\/wp\/v2\/posts"}],"about":[{"href":"https:\/\/radiostudiow.com.br\/site\/wp-json\/wp\/v2\/types\/post"}],"author":[{"embeddable":true,"href":"https:\/\/radiostudiow.com.br\/site\/wp-json\/wp\/v2\/users\/2"}],"replies":[{"embeddable":true,"href":"https:\/\/radiostudiow.com.br\/site\/wp-json\/wp\/v2\/comments?post=46755"}],"version-history":[{"count":2,"href":"https:\/\/radiostudiow.com.br\/site\/wp-json\/wp\/v2\/posts\/46755\/revisions"}],"predecessor-version":[{"id":46759,"href":"https:\/\/radiostudiow.com.br\/site\/wp-json\/wp\/v2\/posts\/46755\/revisions\/46759"}],"wp:featuredmedia":[{"embeddable":true,"href":"https:\/\/radiostudiow.com.br\/site\/wp-json\/wp\/v2\/media\/35305"}],"wp:attachment":[{"href":"https:\/\/radiostudiow.com.br\/site\/wp-json\/wp\/v2\/media?parent=46755"}],"wp:term":[{"taxonomy":"category","embeddable":true,"href":"https:\/\/radiostudiow.com.br\/site\/wp-json\/wp\/v2\/categories?post=46755"},{"taxonomy":"post_tag","embeddable":true,"href":"https:\/\/radiostudiow.com.br\/site\/wp-json\/wp\/v2\/tags?post=46755"}],"curies":[{"name":"wp","href":"https:\/\/api.w.org\/{rel}","templated":true}]}}