{"id":46770,"date":"2026-01-21T09:59:44","date_gmt":"2026-01-21T12:59:44","guid":{"rendered":"https:\/\/radiostudiow.com.br\/site\/?p=46770"},"modified":"2026-01-21T09:59:45","modified_gmt":"2026-01-21T12:59:45","slug":"acao-conjunta-da-policia-militar-e-civil-resulta-na-prisao-de-dois-irmaos-por-trafico-de-drogas-em-sao-mateus-do-sul","status":"publish","type":"post","link":"https:\/\/radiostudiow.com.br\/site\/2026\/01\/21\/acao-conjunta-da-policia-militar-e-civil-resulta-na-prisao-de-dois-irmaos-por-trafico-de-drogas-em-sao-mateus-do-sul\/","title":{"rendered":"A\u00e7\u00e3o conjunta da Pol\u00edcia Militar e Civil resulta na pris\u00e3o de dois irm\u00e3os por tr\u00e1fico de drogas em S\u00e3o Mateus do Sul"},"content":{"rendered":"\n<figure class=\"wp-block-image size-full\"><img loading=\"lazy\" decoding=\"async\" width=\"897\" height=\"204\" src=\"https:\/\/radiostudiow.com.br\/site\/wp-content\/uploads\/2025\/03\/image-62.png\" alt=\"\" class=\"wp-image-35859\" srcset=\"https:\/\/radiostudiow.com.br\/site\/wp-content\/uploads\/2025\/03\/image-62.png 897w, https:\/\/radiostudiow.com.br\/site\/wp-content\/uploads\/2025\/03\/image-62-300x68.png 300w, https:\/\/radiostudiow.com.br\/site\/wp-content\/uploads\/2025\/03\/image-62-768x175.png 768w\" sizes=\"auto, (max-width: 897px) 100vw, 897px\" \/><\/figure>\n\n\n\n<p>As equipes da Pol\u00edcia Civil do Paran\u00e1 (PCPR) e da Pol\u00edcia Militar do Paran\u00e1 (PMPR) de S\u00e3o Mateus do Sul, de posse de den\u00fancia an\u00f4nima informando que dois irm\u00e3os estariam realizando o tr\u00e1fico de drogas.<\/p>\n\n\n\n<p>Os policiais realizaram acompanhamento e vigil\u00e2ncia na resid\u00eancia localizada no bairro Vila Amaral por volta das 14 horas dessa ter\u00e7a-feira (20). <\/p>\n\n\n\n<p>Durante a vigil\u00e2ncia, foi poss\u00edvel observar um indiv\u00edduo deixando a resid\u00eancia, olhando para os lados e aparentando portar algo em seu bolso. Diante da suspeita de que estaria transportando il\u00edcitos, foi realizada a abordagem policial.<\/p>\n\n\n\n<p>No momento da a\u00e7\u00e3o, o homem retirou de seu bolso e arremessou ao solo uma sacola pl\u00e1stica contendo subst\u00e2ncia an\u00e1loga \u00e0 maconha, sendo, ent\u00e3o, preso em flagrante delito.<\/p>\n\n\n\n<p>Considerando que o indiv\u00edduo havia acabado de sair do referido im\u00f3vel portando entorpecente, foi realizada abordagem no interior da resid\u00eancia, onde se encontrava seu irm\u00e3o. Este afirmou que ambos estariam armazenando mais entorpecentes no local.<\/p>\n\n\n\n<figure class=\"wp-block-image size-full\"><img loading=\"lazy\" decoding=\"async\" width=\"598\" height=\"204\" src=\"https:\/\/radiostudiow.com.br\/site\/wp-content\/uploads\/2024\/10\/labirati.png\" alt=\"\" class=\"wp-image-28854\" srcset=\"https:\/\/radiostudiow.com.br\/site\/wp-content\/uploads\/2024\/10\/labirati.png 598w, https:\/\/radiostudiow.com.br\/site\/wp-content\/uploads\/2024\/10\/labirati-300x102.png 300w\" sizes=\"auto, (max-width: 598px) 100vw, 598px\" \/><\/figure>\n\n\n\n<p>Realizada a busca no im\u00f3vel indicado, foi localizada mais uma por\u00e7\u00e3o de subst\u00e2ncia an\u00e1loga \u00e0 maconha, raz\u00e3o pela qual tamb\u00e9m foi dada voz de pris\u00e3o em flagrante ao segundo indiv\u00edduo. Foram apreendidos outros objetos de interesse da investiga\u00e7\u00e3o.<\/p>\n\n\n\n<p>Ressalta-se que ambos os irm\u00e3os j\u00e1 haviam sido presos anteriormente pelo crime de tr\u00e1fico de drogas, utilizando o mesmo modus operandi constatado.<\/p>\n\n\n\n<p>Diante dos fatos, os dois autores foram conduzidos at\u00e9 a 3\u00aa SDP para as provid\u00eancias cab\u00edveis.<\/p>\n","protected":false},"excerpt":{"rendered":"<p>As equipes da Pol\u00edcia Civil do Paran\u00e1 (PCPR) e da Pol\u00edcia Militar do Paran\u00e1 (PMPR) de S\u00e3o Mateus do Sul, de posse de den\u00fancia an\u00f4nima informando que dois irm\u00e3os estariam realizando o tr\u00e1fico de drogas. Os policiais realizaram acompanhamento e vigil\u00e2ncia na resid\u00eancia localizada no bairro Vila Amaral por volta das 14 horas dessa ter\u00e7a-feira [&hellip;]<\/p>\n","protected":false},"author":2,"featured_media":46771,"comment_status":"open","ping_status":"open","sticky":false,"template":"","format":"standard","meta":{"footnotes":""},"categories":[2],"tags":[172],"class_list":["post-46770","post","type-post","status-publish","format-standard","has-post-thumbnail","hentry","category-policial","tag-featured"],"amp_enabled":true,"_links":{"self":[{"href":"https:\/\/radiostudiow.com.br\/site\/wp-json\/wp\/v2\/posts\/46770","targetHints":{"allow":["GET"]}}],"collection":[{"href":"https:\/\/radiostudiow.com.br\/site\/wp-json\/wp\/v2\/posts"}],"about":[{"href":"https:\/\/radiostudiow.com.br\/site\/wp-json\/wp\/v2\/types\/post"}],"author":[{"embeddable":true,"href":"https:\/\/radiostudiow.com.br\/site\/wp-json\/wp\/v2\/users\/2"}],"replies":[{"embeddable":true,"href":"https:\/\/radiostudiow.com.br\/site\/wp-json\/wp\/v2\/comments?post=46770"}],"version-history":[{"count":2,"href":"https:\/\/radiostudiow.com.br\/site\/wp-json\/wp\/v2\/posts\/46770\/revisions"}],"predecessor-version":[{"id":46773,"href":"https:\/\/radiostudiow.com.br\/site\/wp-json\/wp\/v2\/posts\/46770\/revisions\/46773"}],"wp:featuredmedia":[{"embeddable":true,"href":"https:\/\/radiostudiow.com.br\/site\/wp-json\/wp\/v2\/media\/46771"}],"wp:attachment":[{"href":"https:\/\/radiostudiow.com.br\/site\/wp-json\/wp\/v2\/media?parent=46770"}],"wp:term":[{"taxonomy":"category","embeddable":true,"href":"https:\/\/radiostudiow.com.br\/site\/wp-json\/wp\/v2\/categories?post=46770"},{"taxonomy":"post_tag","embeddable":true,"href":"https:\/\/radiostudiow.com.br\/site\/wp-json\/wp\/v2\/tags?post=46770"}],"curies":[{"name":"wp","href":"https:\/\/api.w.org\/{rel}","templated":true}]}}