{"id":46839,"date":"2026-01-22T19:25:18","date_gmt":"2026-01-22T22:25:18","guid":{"rendered":"https:\/\/radiostudiow.com.br\/site\/?p=46839"},"modified":"2026-01-22T19:25:18","modified_gmt":"2026-01-22T22:25:18","slug":"caminhao-carregado-com-material-reciclavel-tomba-em-rotatoria-proxima-a-rodoviaria-de-mallet","status":"publish","type":"post","link":"https:\/\/radiostudiow.com.br\/site\/2026\/01\/22\/caminhao-carregado-com-material-reciclavel-tomba-em-rotatoria-proxima-a-rodoviaria-de-mallet\/","title":{"rendered":"Caminh\u00e3o carregado com material recicl\u00e1vel tomba em rotat\u00f3ria pr\u00f3xima \u00e0 rodovi\u00e1ria de Mallet"},"content":{"rendered":"\n<figure class=\"wp-block-gallery has-nested-images columns-default is-cropped wp-block-gallery-1 is-layout-flex wp-block-gallery-is-layout-flex\">\n<figure class=\"wp-block-image size-large\"><img loading=\"lazy\" decoding=\"async\" width=\"598\" height=\"204\" data-id=\"37847\" src=\"https:\/\/radiostudiow.com.br\/site\/wp-content\/uploads\/2025\/05\/POLAK.png\" alt=\"\" class=\"wp-image-37847\" srcset=\"https:\/\/radiostudiow.com.br\/site\/wp-content\/uploads\/2025\/05\/POLAK.png 598w, https:\/\/radiostudiow.com.br\/site\/wp-content\/uploads\/2025\/05\/POLAK-300x102.png 300w\" sizes=\"auto, (max-width: 598px) 100vw, 598px\" \/><\/figure>\n<\/figure>\n\n\n\n<p><\/p>\n\n\n\n<p class=\"has-medium-font-size\"><strong>Um caminh\u00e3o carregado com material recicl\u00e1vel tombou no final da tarde desta quinta-feira, dia 22 de janeiro, na rotat\u00f3ria da Avenida Bar\u00e3o do Rio Branco, nas proximidades da Rodovi\u00e1ria Municipal de Mallet. O acidente ocorreu por volta das 17h45.<\/strong><\/p>\n\n\n\n<p><\/p>\n\n\n\n<figure class=\"wp-block-image size-large\"><img loading=\"lazy\" decoding=\"async\" width=\"1024\" height=\"768\" src=\"https:\/\/radiostudiow.com.br\/site\/wp-content\/uploads\/2026\/01\/2f74bcc3-c48b-44ed-8e51-2723ff15421f-1024x768.jpg\" alt=\"\" class=\"wp-image-46842\" srcset=\"https:\/\/radiostudiow.com.br\/site\/wp-content\/uploads\/2026\/01\/2f74bcc3-c48b-44ed-8e51-2723ff15421f-1024x768.jpg 1024w, https:\/\/radiostudiow.com.br\/site\/wp-content\/uploads\/2026\/01\/2f74bcc3-c48b-44ed-8e51-2723ff15421f-300x225.jpg 300w, https:\/\/radiostudiow.com.br\/site\/wp-content\/uploads\/2026\/01\/2f74bcc3-c48b-44ed-8e51-2723ff15421f-768x576.jpg 768w, https:\/\/radiostudiow.com.br\/site\/wp-content\/uploads\/2026\/01\/2f74bcc3-c48b-44ed-8e51-2723ff15421f-1536x1152.jpg 1536w, https:\/\/radiostudiow.com.br\/site\/wp-content\/uploads\/2026\/01\/2f74bcc3-c48b-44ed-8e51-2723ff15421f.jpg 1600w\" sizes=\"auto, (max-width: 1024px) 100vw, 1024px\" \/><\/figure>\n\n\n\n<p><\/p>\n\n\n\n<p class=\"has-medium-font-size\">De acordo com as informa\u00e7\u00f5es apuradas no local, o ve\u00edculo realizava a curva da rotat\u00f3ria quando acabou tombando para o lado direito da via. Apesar do impacto e dos danos materiais, o motorista n\u00e3o sofreu ferimentos, tendo apenas um grande susto.<\/p>\n\n\n\n<p><strong>Logo ap\u00f3s o acidente, funcion\u00e1rios da empresa respons\u00e1vel pela carga iniciaram a descarga do material recicl\u00e1vel, com o objetivo de facilitar o destombamento do caminh\u00e3o e a libera\u00e7\u00e3o da via.<\/strong><\/p>\n\n\n\n<figure class=\"wp-block-gallery has-nested-images columns-default is-cropped wp-block-gallery-2 is-layout-flex wp-block-gallery-is-layout-flex\">\n<figure class=\"wp-block-image size-large\"><img loading=\"lazy\" decoding=\"async\" width=\"1024\" height=\"768\" data-id=\"46840\" src=\"https:\/\/radiostudiow.com.br\/site\/wp-content\/uploads\/2026\/01\/c119f0e6-0215-4daf-8768-13b8636cc610-1024x768.jpg\" alt=\"\" class=\"wp-image-46840\" srcset=\"https:\/\/radiostudiow.com.br\/site\/wp-content\/uploads\/2026\/01\/c119f0e6-0215-4daf-8768-13b8636cc610-1024x768.jpg 1024w, https:\/\/radiostudiow.com.br\/site\/wp-content\/uploads\/2026\/01\/c119f0e6-0215-4daf-8768-13b8636cc610-300x225.jpg 300w, https:\/\/radiostudiow.com.br\/site\/wp-content\/uploads\/2026\/01\/c119f0e6-0215-4daf-8768-13b8636cc610-768x576.jpg 768w, https:\/\/radiostudiow.com.br\/site\/wp-content\/uploads\/2026\/01\/c119f0e6-0215-4daf-8768-13b8636cc610-1536x1152.jpg 1536w, https:\/\/radiostudiow.com.br\/site\/wp-content\/uploads\/2026\/01\/c119f0e6-0215-4daf-8768-13b8636cc610.jpg 1600w\" sizes=\"auto, (max-width: 1024px) 100vw, 1024px\" \/><\/figure>\n\n\n\n<figure class=\"wp-block-image size-large\"><img loading=\"lazy\" decoding=\"async\" width=\"1024\" height=\"768\" data-id=\"46841\" src=\"https:\/\/radiostudiow.com.br\/site\/wp-content\/uploads\/2026\/01\/a779248b-b906-4aed-a27d-eb2ef5920b83-1024x768.jpg\" alt=\"\" class=\"wp-image-46841\" srcset=\"https:\/\/radiostudiow.com.br\/site\/wp-content\/uploads\/2026\/01\/a779248b-b906-4aed-a27d-eb2ef5920b83-1024x768.jpg 1024w, https:\/\/radiostudiow.com.br\/site\/wp-content\/uploads\/2026\/01\/a779248b-b906-4aed-a27d-eb2ef5920b83-300x225.jpg 300w, https:\/\/radiostudiow.com.br\/site\/wp-content\/uploads\/2026\/01\/a779248b-b906-4aed-a27d-eb2ef5920b83-768x576.jpg 768w, https:\/\/radiostudiow.com.br\/site\/wp-content\/uploads\/2026\/01\/a779248b-b906-4aed-a27d-eb2ef5920b83-1536x1152.jpg 1536w, https:\/\/radiostudiow.com.br\/site\/wp-content\/uploads\/2026\/01\/a779248b-b906-4aed-a27d-eb2ef5920b83.jpg 1600w\" sizes=\"auto, (max-width: 1024px) 100vw, 1024px\" \/><\/figure>\n<\/figure>\n\n\n\n<p><\/p>\n\n\n\n<figure class=\"wp-block-image size-full\"><img loading=\"lazy\" decoding=\"async\" width=\"731\" height=\"246\" src=\"https:\/\/radiostudiow.com.br\/site\/wp-content\/uploads\/2026\/01\/VITALY.png\" alt=\"\" class=\"wp-image-46547\" srcset=\"https:\/\/radiostudiow.com.br\/site\/wp-content\/uploads\/2026\/01\/VITALY.png 731w, https:\/\/radiostudiow.com.br\/site\/wp-content\/uploads\/2026\/01\/VITALY-300x101.png 300w\" sizes=\"auto, (max-width: 731px) 100vw, 731px\" \/><\/figure>\n\n\n\n<p><\/p>\n\n\n\n<p style=\"font-size:28px\">Equipes da Pol\u00edcia Militar do 3\u00ba Pelot\u00e3o e dos Brigadistas Comunit\u00e1rios atenderam rapidamente a ocorr\u00eancia, uma vez que o local do acidente fica a poucos metros das sedes das duas corpora\u00e7\u00f5es. O tr\u00e1fego no trecho ficou parcialmente comprometido durante o atendimento, mas foi normalizado ap\u00f3s os trabalhos de remo\u00e7\u00e3o do ve\u00edculo.<\/p>\n\n\n\n<p><strong>As causas do tombamento n\u00e3o foram oficialmente divulgadas.<\/strong><\/p>\n\n\n\n<h2 class=\"wp-block-heading\">Reda\u00e7\u00e3o da Studio W<\/h2>\n\n\n\n<p><\/p>\n","protected":false},"excerpt":{"rendered":"<p>Um caminh\u00e3o carregado com material recicl\u00e1vel tombou no final da tarde desta quinta-feira, dia 22 de janeiro, na rotat\u00f3ria da Avenida Bar\u00e3o do Rio Branco, nas proximidades da Rodovi\u00e1ria Municipal de Mallet. O acidente ocorreu por volta das 17h45. De acordo com as informa\u00e7\u00f5es apuradas no local, o ve\u00edculo realizava a curva da rotat\u00f3ria quando [&hellip;]<\/p>\n","protected":false},"author":2,"featured_media":46843,"comment_status":"open","ping_status":"open","sticky":false,"template":"","format":"standard","meta":{"footnotes":""},"categories":[184],"tags":[172],"class_list":["post-46839","post","type-post","status-publish","format-standard","has-post-thumbnail","hentry","category-local","tag-featured"],"amp_enabled":true,"_links":{"self":[{"href":"https:\/\/radiostudiow.com.br\/site\/wp-json\/wp\/v2\/posts\/46839","targetHints":{"allow":["GET"]}}],"collection":[{"href":"https:\/\/radiostudiow.com.br\/site\/wp-json\/wp\/v2\/posts"}],"about":[{"href":"https:\/\/radiostudiow.com.br\/site\/wp-json\/wp\/v2\/types\/post"}],"author":[{"embeddable":true,"href":"https:\/\/radiostudiow.com.br\/site\/wp-json\/wp\/v2\/users\/2"}],"replies":[{"embeddable":true,"href":"https:\/\/radiostudiow.com.br\/site\/wp-json\/wp\/v2\/comments?post=46839"}],"version-history":[{"count":1,"href":"https:\/\/radiostudiow.com.br\/site\/wp-json\/wp\/v2\/posts\/46839\/revisions"}],"predecessor-version":[{"id":46844,"href":"https:\/\/radiostudiow.com.br\/site\/wp-json\/wp\/v2\/posts\/46839\/revisions\/46844"}],"wp:featuredmedia":[{"embeddable":true,"href":"https:\/\/radiostudiow.com.br\/site\/wp-json\/wp\/v2\/media\/46843"}],"wp:attachment":[{"href":"https:\/\/radiostudiow.com.br\/site\/wp-json\/wp\/v2\/media?parent=46839"}],"wp:term":[{"taxonomy":"category","embeddable":true,"href":"https:\/\/radiostudiow.com.br\/site\/wp-json\/wp\/v2\/categories?post=46839"},{"taxonomy":"post_tag","embeddable":true,"href":"https:\/\/radiostudiow.com.br\/site\/wp-json\/wp\/v2\/tags?post=46839"}],"curies":[{"name":"wp","href":"https:\/\/api.w.org\/{rel}","templated":true}]}}