{"id":46851,"date":"2026-01-23T09:56:17","date_gmt":"2026-01-23T12:56:17","guid":{"rendered":"https:\/\/radiostudiow.com.br\/site\/?p=46851"},"modified":"2026-01-23T09:56:17","modified_gmt":"2026-01-23T12:56:17","slug":"delegado-da-10a-drp-se-despede-da-comarca-de-mallet-e-agradece-parcerias-construidas-ao-longo-de-dois-anos","status":"publish","type":"post","link":"https:\/\/radiostudiow.com.br\/site\/2026\/01\/23\/delegado-da-10a-drp-se-despede-da-comarca-de-mallet-e-agradece-parcerias-construidas-ao-longo-de-dois-anos\/","title":{"rendered":"Delegado da 10\u00aa DRP se despede da Comarca de Mallet e agradece parcerias constru\u00eddas ao longo de dois anos"},"content":{"rendered":"\n<figure class=\"wp-block-gallery has-nested-images columns-default is-cropped wp-block-gallery-1 is-layout-flex wp-block-gallery-is-layout-flex\">\n<figure class=\"wp-block-image size-large\"><img loading=\"lazy\" decoding=\"async\" width=\"1024\" height=\"614\" data-id=\"45321\" src=\"https:\/\/radiostudiow.com.br\/site\/wp-content\/uploads\/2025\/12\/SITES-PEQUENO-GRANDE-1024x614.png\" alt=\"\" class=\"wp-image-45321\" srcset=\"https:\/\/radiostudiow.com.br\/site\/wp-content\/uploads\/2025\/12\/SITES-PEQUENO-GRANDE-1024x614.png 1024w, https:\/\/radiostudiow.com.br\/site\/wp-content\/uploads\/2025\/12\/SITES-PEQUENO-GRANDE-300x180.png 300w, https:\/\/radiostudiow.com.br\/site\/wp-content\/uploads\/2025\/12\/SITES-PEQUENO-GRANDE-768x461.png 768w, https:\/\/radiostudiow.com.br\/site\/wp-content\/uploads\/2025\/12\/SITES-PEQUENO-GRANDE-1536x921.png 1536w, https:\/\/radiostudiow.com.br\/site\/wp-content\/uploads\/2025\/12\/SITES-PEQUENO-GRANDE-1000x600.png 1000w, https:\/\/radiostudiow.com.br\/site\/wp-content\/uploads\/2025\/12\/SITES-PEQUENO-GRANDE-590x354.png 590w, https:\/\/radiostudiow.com.br\/site\/wp-content\/uploads\/2025\/12\/SITES-PEQUENO-GRANDE-400x240.png 400w, https:\/\/radiostudiow.com.br\/site\/wp-content\/uploads\/2025\/12\/SITES-PEQUENO-GRANDE.png 1672w\" sizes=\"auto, (max-width: 1024px) 100vw, 1024px\" \/><\/figure>\n\n\n\n<figure class=\"wp-block-image size-large\"><img loading=\"lazy\" decoding=\"async\" width=\"300\" height=\"180\" data-id=\"39582\" src=\"https:\/\/radiostudiow.com.br\/site\/wp-content\/uploads\/2025\/06\/PLAY-HALL.png\" alt=\"\" class=\"wp-image-39582\"\/><\/figure>\n<\/figure>\n\n\n\n<h2 class=\"wp-block-heading\"><strong>Dr. Donizete de Arruda Gordiano seguir\u00e1 para a Regi\u00e3o Metropolitana de Curitiba ap\u00f3s per\u00edodo marcado por integra\u00e7\u00e3o entre for\u00e7as de seguran\u00e7a e avan\u00e7os no combate \u00e0 viol\u00eancia<\/strong><\/h2>\n\n\n\n<p><\/p>\n\n\n\n<p>O delegado <strong>Dr. Donizete de Arruda Gordiano<\/strong>, \u00e0 frente da <strong>10\u00aa Delegacia Regional da Pol\u00edcia Civil do Paran\u00e1 (DRP)<\/strong>, despede-se da <strong>Comarca de Mallet<\/strong>, que tamb\u00e9m abrange o munic\u00edpio de <strong>Paulo Frontin<\/strong>, ap\u00f3s dois anos de atua\u00e7\u00e3o. O delegado foi oficialmente transferido para a <strong>Regi\u00e3o Metropolitana de Curitiba<\/strong>, onde dar\u00e1 continuidade \u00e0 sua carreira na Pol\u00edcia Civil do Paran\u00e1 (PCPR).<\/p>\n\n\n\n<figure class=\"wp-block-image size-large\"><img loading=\"lazy\" decoding=\"async\" width=\"1024\" height=\"335\" src=\"https:\/\/radiostudiow.com.br\/site\/wp-content\/uploads\/2025\/12\/novo-Rodape-1024x335.png\" alt=\"\" class=\"wp-image-45379\" srcset=\"https:\/\/radiostudiow.com.br\/site\/wp-content\/uploads\/2025\/12\/novo-Rodape-1024x335.png 1024w, https:\/\/radiostudiow.com.br\/site\/wp-content\/uploads\/2025\/12\/novo-Rodape-300x98.png 300w, https:\/\/radiostudiow.com.br\/site\/wp-content\/uploads\/2025\/12\/novo-Rodape-768x251.png 768w, https:\/\/radiostudiow.com.br\/site\/wp-content\/uploads\/2025\/12\/novo-Rodape-1536x503.png 1536w, https:\/\/radiostudiow.com.br\/site\/wp-content\/uploads\/2025\/12\/novo-Rodape-2048x670.png 2048w\" sizes=\"auto, (max-width: 1024px) 100vw, 1024px\" \/><\/figure>\n\n\n\n<p>Em <strong>entrevista exclusiva ao Jornal W Not\u00edcias, da Studio W TV<\/strong>, Dr. Donizete fez um balan\u00e7o do per\u00edodo em que esteve no comando da regional e destacou o trabalho conjunto desenvolvido com diversas institui\u00e7\u00f5es. Em sua fala, o delegado agradeceu especialmente aos servidores da Pol\u00edcia Civil, ao <strong>Poder Judici\u00e1rio<\/strong>, ao <strong>Minist\u00e9rio P\u00fablico<\/strong>, \u00e0 <strong>Pol\u00edcia Militar do 27\u00ba Batalh\u00e3o<\/strong> e ao <strong>3\u00ba Pelot\u00e3o<\/strong>, ressaltando a parceria fundamental para o fortalecimento da seguran\u00e7a p\u00fablica na regi\u00e3o.<\/p>\n\n\n\n<p>Durante sua gest\u00e3o, a\u00e7\u00f5es de enfrentamento \u00e0 <strong>viol\u00eancia dom\u00e9stica<\/strong> e ao <strong>abuso sexual contra crian\u00e7as e adolescentes<\/strong> receberam aten\u00e7\u00e3o priorit\u00e1ria. Segundo o delegado, essas frentes de trabalho ter\u00e3o continuidade com a chegada do novo delegado que assumir\u00e1 a 10\u00aa DRP no pr\u00f3ximo m\u00eas, mantendo o compromisso com a prote\u00e7\u00e3o das v\u00edtimas e a repress\u00e3o qualificada aos crimes.<\/p>\n\n\n\n<figure class=\"wp-block-image size-large\"><img loading=\"lazy\" decoding=\"async\" width=\"1024\" height=\"869\" src=\"https:\/\/radiostudiow.com.br\/site\/wp-content\/uploads\/2026\/01\/620011673_1419191210217771_4885157952193044935_n-1024x869.jpg\" alt=\"\" class=\"wp-image-46854\" srcset=\"https:\/\/radiostudiow.com.br\/site\/wp-content\/uploads\/2026\/01\/620011673_1419191210217771_4885157952193044935_n-1024x869.jpg 1024w, https:\/\/radiostudiow.com.br\/site\/wp-content\/uploads\/2026\/01\/620011673_1419191210217771_4885157952193044935_n-300x255.jpg 300w, https:\/\/radiostudiow.com.br\/site\/wp-content\/uploads\/2026\/01\/620011673_1419191210217771_4885157952193044935_n-768x652.jpg 768w, https:\/\/radiostudiow.com.br\/site\/wp-content\/uploads\/2026\/01\/620011673_1419191210217771_4885157952193044935_n.jpg 1170w\" sizes=\"auto, (max-width: 1024px) 100vw, 1024px\" \/><\/figure>\n\n\n\n<p>Outro destaque do per\u00edodo foi a participa\u00e7\u00e3o decisiva de Dr. Donizete na <strong>cria\u00e7\u00e3o dos Conselhos Comunit\u00e1rios de Seguran\u00e7a (CONSEGs)<\/strong> de <strong>Mallet<\/strong> e <strong>Paulo Frontin<\/strong>. A iniciativa fortalece a aproxima\u00e7\u00e3o entre comunidade e for\u00e7as de seguran\u00e7a, al\u00e9m de possibilitar a capta\u00e7\u00e3o de recursos e investimentos para melhorias na \u00e1rea da seguran\u00e7a p\u00fablica nos dois munic\u00edpios.<\/p>\n\n\n\n<figure class=\"wp-block-image size-full\"><img loading=\"lazy\" decoding=\"async\" width=\"598\" height=\"204\" src=\"https:\/\/radiostudiow.com.br\/site\/wp-content\/uploads\/2024\/10\/labirati.png\" alt=\"\" class=\"wp-image-28854\" srcset=\"https:\/\/radiostudiow.com.br\/site\/wp-content\/uploads\/2024\/10\/labirati.png 598w, https:\/\/radiostudiow.com.br\/site\/wp-content\/uploads\/2024\/10\/labirati-300x102.png 300w\" sizes=\"auto, (max-width: 598px) 100vw, 598px\" \/><\/figure>\n\n\n\n<p style=\"font-size:24px\">Ao encerrar sua passagem pela comarca, o delegado agradeceu aos amigos feitos ao longo da trajet\u00f3ria e refor\u00e7ou o sentimento de dever cumprido. <strong>\u201cForam dois anos de muito trabalho, aprendizado e parceria. Levo comigo o carinho da comunidade e a certeza de que a seguran\u00e7a p\u00fablica aqui continuar\u00e1 avan\u00e7ando\u201d<\/strong>, destacou Dr. Donizete a reportagem do W Not\u00edcias.<\/p>\n\n\n\n<p style=\"font-size:24px\"><strong>Confira a reportagem do Jornal W Not\u00edcias com Valdir Wladyka na Integra<\/strong>:  <\/p>\n\n\n\n<figure class=\"wp-block-embed is-type-video is-provider-youtube wp-block-embed-youtube wp-embed-aspect-16-9 wp-has-aspect-ratio\"><div class=\"wp-block-embed__wrapper\">\n<iframe loading=\"lazy\" title=\"Dr. Donizete de Arruda Gordiano se despede da 10\u00aa DRP da comarca de Mallet\" width=\"740\" height=\"416\" src=\"https:\/\/www.youtube.com\/embed\/drzSB4mhG3Q?feature=oembed\" frameborder=\"0\" allow=\"accelerometer; autoplay; clipboard-write; encrypted-media; gyroscope; picture-in-picture; web-share\" referrerpolicy=\"strict-origin-when-cross-origin\" allowfullscreen><\/iframe>\n<\/div><\/figure>\n\n\n\n<p><\/p>\n\n\n\n<p class=\"has-medium-font-size\">A transfer\u00eancia marca o encerramento de um ciclo na regi\u00e3o e o in\u00edcio de um novo desafio profissional para Dr. Donizete de Arruda Gordiano na Regi\u00e3o Metropolitana da capital paranaense.<\/p>\n\n\n\n<p><\/p>\n\n\n\n<h2 class=\"wp-block-heading\">Reda\u00e7\u00e3o da <strong>Studio W TV\/Jornal W Not\u00edcias<\/strong> &#8211; Valdir Wladyka<\/h2>\n\n\n\n<p><\/p>\n","protected":false},"excerpt":{"rendered":"<p>Dr. Donizete de Arruda Gordiano seguir\u00e1 para a Regi\u00e3o Metropolitana de Curitiba ap\u00f3s per\u00edodo marcado por integra\u00e7\u00e3o entre for\u00e7as de seguran\u00e7a e avan\u00e7os no combate \u00e0 viol\u00eancia O delegado Dr. Donizete de Arruda Gordiano, \u00e0 frente da 10\u00aa Delegacia Regional da Pol\u00edcia Civil do Paran\u00e1 (DRP), despede-se da Comarca de Mallet, que tamb\u00e9m abrange o [&hellip;]<\/p>\n","protected":false},"author":2,"featured_media":46855,"comment_status":"open","ping_status":"open","sticky":false,"template":"","format":"standard","meta":{"footnotes":""},"categories":[184],"tags":[],"class_list":["post-46851","post","type-post","status-publish","format-standard","has-post-thumbnail","hentry","category-local"],"amp_enabled":true,"_links":{"self":[{"href":"https:\/\/radiostudiow.com.br\/site\/wp-json\/wp\/v2\/posts\/46851","targetHints":{"allow":["GET"]}}],"collection":[{"href":"https:\/\/radiostudiow.com.br\/site\/wp-json\/wp\/v2\/posts"}],"about":[{"href":"https:\/\/radiostudiow.com.br\/site\/wp-json\/wp\/v2\/types\/post"}],"author":[{"embeddable":true,"href":"https:\/\/radiostudiow.com.br\/site\/wp-json\/wp\/v2\/users\/2"}],"replies":[{"embeddable":true,"href":"https:\/\/radiostudiow.com.br\/site\/wp-json\/wp\/v2\/comments?post=46851"}],"version-history":[{"count":1,"href":"https:\/\/radiostudiow.com.br\/site\/wp-json\/wp\/v2\/posts\/46851\/revisions"}],"predecessor-version":[{"id":46856,"href":"https:\/\/radiostudiow.com.br\/site\/wp-json\/wp\/v2\/posts\/46851\/revisions\/46856"}],"wp:featuredmedia":[{"embeddable":true,"href":"https:\/\/radiostudiow.com.br\/site\/wp-json\/wp\/v2\/media\/46855"}],"wp:attachment":[{"href":"https:\/\/radiostudiow.com.br\/site\/wp-json\/wp\/v2\/media?parent=46851"}],"wp:term":[{"taxonomy":"category","embeddable":true,"href":"https:\/\/radiostudiow.com.br\/site\/wp-json\/wp\/v2\/categories?post=46851"},{"taxonomy":"post_tag","embeddable":true,"href":"https:\/\/radiostudiow.com.br\/site\/wp-json\/wp\/v2\/tags?post=46851"}],"curies":[{"name":"wp","href":"https:\/\/api.w.org\/{rel}","templated":true}]}}