{"id":46879,"date":"2026-01-23T16:51:35","date_gmt":"2026-01-23T19:51:35","guid":{"rendered":"https:\/\/radiostudiow.com.br\/site\/?p=46879"},"modified":"2026-01-23T16:52:21","modified_gmt":"2026-01-23T19:52:21","slug":"saida-de-pista-na-br-153-deixa-tres-feridos-entre-eles-duas-criancas","status":"publish","type":"post","link":"https:\/\/radiostudiow.com.br\/site\/2026\/01\/23\/saida-de-pista-na-br-153-deixa-tres-feridos-entre-eles-duas-criancas\/","title":{"rendered":"Sa\u00edda de pista na BR-153 em Mallet deixa tr\u00eas feridos, entre eles duas crian\u00e7as"},"content":{"rendered":"\n<figure class=\"wp-block-image size-full\"><img loading=\"lazy\" decoding=\"async\" width=\"731\" height=\"246\" src=\"https:\/\/radiostudiow.com.br\/site\/wp-content\/uploads\/2026\/01\/VITALY.png\" alt=\"\" class=\"wp-image-46547\" srcset=\"https:\/\/radiostudiow.com.br\/site\/wp-content\/uploads\/2026\/01\/VITALY.png 731w, https:\/\/radiostudiow.com.br\/site\/wp-content\/uploads\/2026\/01\/VITALY-300x101.png 300w\" sizes=\"auto, (max-width: 731px) 100vw, 731px\" \/><\/figure>\n\n\n\n<h2 class=\"wp-block-heading\"><strong>Acidente ocorreu pr\u00f3ximo ao km 378, na entrada da Col\u00f4nia D\u00falcio; v\u00edtimas foram socorridas por brigadistas e encaminhadas para atendimento m\u00e9dico<\/strong><\/h2>\n\n\n\n<p><\/p>\n\n\n\n<p class=\"has-medium-font-size\">Um acidente do tipo <strong>sa\u00edda de pista<\/strong> foi registrado no in\u00edcio da tarde desta <strong>sexta-feira, dia 23<\/strong>, na <strong>BR-153<\/strong>, nas proximidades do <strong>km 378<\/strong>, pr\u00f3ximo \u00e0 entrada da <strong>Col\u00f4nia D\u00falcio<\/strong>. A ocorr\u00eancia mobilizou os <strong>Brigadistas Comunit\u00e1rios de Mallet<\/strong> e o <strong>Corpo de Bombeiros de Irati<\/strong>.<\/p>\n\n\n\n<p style=\"font-size:30px\">Foram acionados para o atendimento os brigadistas <strong>F\u00e1bio, Ildefonso e Zaqueu<\/strong>, juntamente com o <strong>1\u00ba Sargento Joaquim Pacholok<\/strong>, do Corpo de Bombeiros de Irati, respons\u00e1vel pela coordena\u00e7\u00e3o dos brigadistas no munic\u00edpio de Mallet.<\/p>\n\n\n\n<figure class=\"wp-block-image size-large\"><img loading=\"lazy\" decoding=\"async\" width=\"1024\" height=\"768\" src=\"https:\/\/radiostudiow.com.br\/site\/wp-content\/uploads\/2026\/01\/241e430a-d10d-47f6-bf3b-b6d2e3a31a05-1024x768.jpg\" alt=\"\" class=\"wp-image-46887\" srcset=\"https:\/\/radiostudiow.com.br\/site\/wp-content\/uploads\/2026\/01\/241e430a-d10d-47f6-bf3b-b6d2e3a31a05-1024x768.jpg 1024w, https:\/\/radiostudiow.com.br\/site\/wp-content\/uploads\/2026\/01\/241e430a-d10d-47f6-bf3b-b6d2e3a31a05-300x225.jpg 300w, https:\/\/radiostudiow.com.br\/site\/wp-content\/uploads\/2026\/01\/241e430a-d10d-47f6-bf3b-b6d2e3a31a05-768x576.jpg 768w, https:\/\/radiostudiow.com.br\/site\/wp-content\/uploads\/2026\/01\/241e430a-d10d-47f6-bf3b-b6d2e3a31a05-1536x1152.jpg 1536w, https:\/\/radiostudiow.com.br\/site\/wp-content\/uploads\/2026\/01\/241e430a-d10d-47f6-bf3b-b6d2e3a31a05.jpg 1600w\" sizes=\"auto, (max-width: 1024px) 100vw, 1024px\" \/><\/figure>\n\n\n\n<p><\/p>\n\n\n\n<figure class=\"wp-block-image size-full\"><img loading=\"lazy\" decoding=\"async\" width=\"731\" height=\"204\" src=\"https:\/\/radiostudiow.com.br\/site\/wp-content\/uploads\/2026\/01\/BARROS-2026.png\" alt=\"\" class=\"wp-image-46173\" srcset=\"https:\/\/radiostudiow.com.br\/site\/wp-content\/uploads\/2026\/01\/BARROS-2026.png 731w, https:\/\/radiostudiow.com.br\/site\/wp-content\/uploads\/2026\/01\/BARROS-2026-300x84.png 300w\" sizes=\"auto, (max-width: 731px) 100vw, 731px\" \/><\/figure>\n\n\n\n<p>Ao chegarem ao local, as equipes constataram a presen\u00e7a de <strong>tr\u00eas v\u00edtimas<\/strong>. A condutora do ve\u00edculo, uma <strong>mulher de 28 anos<\/strong>, dirigia um <strong>Fiat Uno com placas de Curitiba<\/strong>. No autom\u00f3vel tamb\u00e9m estavam <strong>duas crian\u00e7as<\/strong>, uma de <strong>4 anos<\/strong> e outra de <strong>5 anos e meio<\/strong>.<\/p>\n\n\n\n<p class=\"has-medium-font-size\">A motorista foi <strong>imobilizada no local<\/strong> e encaminhada para atendimento m\u00e9dico, assim como as duas crian\u00e7as, que sofreram <strong>ferimentos leves<\/strong>. Posteriormente, <strong>as v\u00edtimas foram levadas para a cidade de Irati para a realiza\u00e7\u00e3o de exames<\/strong>, onde houve a necessidade de <strong>exames complementares<\/strong>. Segundo informa\u00e7\u00f5es do <strong>Hospital S\u00e3o Pedro<\/strong>, <strong>o quadro de sa\u00fade das v\u00edtimas \u00e9 est\u00e1vel<\/strong>.<\/p>\n\n\n\n<p>De acordo com as informa\u00e7\u00f5es apuradas, <strong>a condutora possivelmente perdeu o controle do ve\u00edculo<\/strong>, que saiu da pista, colidiu contra <strong>pequenas \u00e1rvores \u00e0s margens da rodovia<\/strong> e acabou <strong>caindo em uma vala<\/strong>.<\/p>\n\n\n\n<figure class=\"wp-block-image size-large\"><img loading=\"lazy\" decoding=\"async\" width=\"1024\" height=\"768\" src=\"https:\/\/radiostudiow.com.br\/site\/wp-content\/uploads\/2026\/01\/0202d6c2-bda7-4f15-b0f3-4c4e75f0c461-1024x768.jpg\" alt=\"\" class=\"wp-image-46883\" srcset=\"https:\/\/radiostudiow.com.br\/site\/wp-content\/uploads\/2026\/01\/0202d6c2-bda7-4f15-b0f3-4c4e75f0c461-1024x768.jpg 1024w, https:\/\/radiostudiow.com.br\/site\/wp-content\/uploads\/2026\/01\/0202d6c2-bda7-4f15-b0f3-4c4e75f0c461-300x225.jpg 300w, https:\/\/radiostudiow.com.br\/site\/wp-content\/uploads\/2026\/01\/0202d6c2-bda7-4f15-b0f3-4c4e75f0c461-768x576.jpg 768w, https:\/\/radiostudiow.com.br\/site\/wp-content\/uploads\/2026\/01\/0202d6c2-bda7-4f15-b0f3-4c4e75f0c461-1536x1152.jpg 1536w, https:\/\/radiostudiow.com.br\/site\/wp-content\/uploads\/2026\/01\/0202d6c2-bda7-4f15-b0f3-4c4e75f0c461.jpg 1600w\" sizes=\"auto, (max-width: 1024px) 100vw, 1024px\" \/><\/figure>\n\n\n\n<p><\/p>\n\n\n\n<figure class=\"wp-block-image size-full\"><img loading=\"lazy\" decoding=\"async\" width=\"598\" height=\"204\" src=\"https:\/\/radiostudiow.com.br\/site\/wp-content\/uploads\/2025\/05\/POLAK.png\" alt=\"\" class=\"wp-image-37847\" srcset=\"https:\/\/radiostudiow.com.br\/site\/wp-content\/uploads\/2025\/05\/POLAK.png 598w, https:\/\/radiostudiow.com.br\/site\/wp-content\/uploads\/2025\/05\/POLAK-300x102.png 300w\" sizes=\"auto, (max-width: 598px) 100vw, 598px\" \/><\/figure>\n\n\n\n<p style=\"font-size:25px\">Com o impacto, os <strong>airbags foram acionados em ambos os lados do autom\u00f3vel<\/strong>, tanto do lado do motorista quanto do passageiro, o que contribuiu para minimizar a gravidade dos ferimentos.<\/p>\n\n\n\n<figure class=\"wp-block-image size-large\"><img loading=\"lazy\" decoding=\"async\" width=\"1024\" height=\"768\" src=\"https:\/\/radiostudiow.com.br\/site\/wp-content\/uploads\/2026\/01\/f222435b-8cfa-457a-b552-b867d89257f8-1024x768.jpg\" alt=\"\" class=\"wp-image-46884\" srcset=\"https:\/\/radiostudiow.com.br\/site\/wp-content\/uploads\/2026\/01\/f222435b-8cfa-457a-b552-b867d89257f8-1024x768.jpg 1024w, https:\/\/radiostudiow.com.br\/site\/wp-content\/uploads\/2026\/01\/f222435b-8cfa-457a-b552-b867d89257f8-300x225.jpg 300w, https:\/\/radiostudiow.com.br\/site\/wp-content\/uploads\/2026\/01\/f222435b-8cfa-457a-b552-b867d89257f8-768x576.jpg 768w, https:\/\/radiostudiow.com.br\/site\/wp-content\/uploads\/2026\/01\/f222435b-8cfa-457a-b552-b867d89257f8-1536x1152.jpg 1536w, https:\/\/radiostudiow.com.br\/site\/wp-content\/uploads\/2026\/01\/f222435b-8cfa-457a-b552-b867d89257f8.jpg 1600w\" sizes=\"auto, (max-width: 1024px) 100vw, 1024px\" \/><\/figure>\n\n\n\n<figure class=\"wp-block-gallery has-nested-images columns-default is-cropped wp-block-gallery-1 is-layout-flex wp-block-gallery-is-layout-flex\">\n<figure class=\"wp-block-image size-large\"><img loading=\"lazy\" decoding=\"async\" width=\"300\" height=\"180\" data-id=\"37219\" src=\"https:\/\/radiostudiow.com.br\/site\/wp-content\/uploads\/2025\/04\/AGRODU.png\" alt=\"\" class=\"wp-image-37219\"\/><\/figure>\n\n\n\n<figure class=\"wp-block-image size-large\"><img loading=\"lazy\" decoding=\"async\" width=\"300\" height=\"180\" data-id=\"38014\" src=\"https:\/\/radiostudiow.com.br\/site\/wp-content\/uploads\/2025\/05\/VANE.png\" alt=\"\" class=\"wp-image-38014\"\/><\/figure>\n<\/figure>\n\n\n\n<p><\/p>\n\n\n\n<p>A <strong>Pol\u00edcia Rodovi\u00e1ria Federal (PRF)<\/strong> esteve no local e realizou os <strong>procedimentos de praxe<\/strong>, incluindo a confec\u00e7\u00e3o do <strong>Boletim de Ocorr\u00eancia<\/strong> e a sinaliza\u00e7\u00e3o da via.<\/p>\n\n\n\n<figure class=\"wp-block-gallery has-nested-images columns-default is-cropped wp-block-gallery-2 is-layout-flex wp-block-gallery-is-layout-flex\">\n<figure class=\"wp-block-image size-large\"><img loading=\"lazy\" decoding=\"async\" width=\"1024\" height=\"768\" data-id=\"46885\" src=\"https:\/\/radiostudiow.com.br\/site\/wp-content\/uploads\/2026\/01\/1a944e70-ab44-4064-a50d-6b836d2ff9ee-1024x768.jpg\" alt=\"\" class=\"wp-image-46885\" srcset=\"https:\/\/radiostudiow.com.br\/site\/wp-content\/uploads\/2026\/01\/1a944e70-ab44-4064-a50d-6b836d2ff9ee-1024x768.jpg 1024w, https:\/\/radiostudiow.com.br\/site\/wp-content\/uploads\/2026\/01\/1a944e70-ab44-4064-a50d-6b836d2ff9ee-300x225.jpg 300w, https:\/\/radiostudiow.com.br\/site\/wp-content\/uploads\/2026\/01\/1a944e70-ab44-4064-a50d-6b836d2ff9ee-768x576.jpg 768w, https:\/\/radiostudiow.com.br\/site\/wp-content\/uploads\/2026\/01\/1a944e70-ab44-4064-a50d-6b836d2ff9ee-1536x1152.jpg 1536w, https:\/\/radiostudiow.com.br\/site\/wp-content\/uploads\/2026\/01\/1a944e70-ab44-4064-a50d-6b836d2ff9ee.jpg 1600w\" sizes=\"auto, (max-width: 1024px) 100vw, 1024px\" \/><\/figure>\n\n\n\n<figure class=\"wp-block-image size-large\"><img loading=\"lazy\" decoding=\"async\" width=\"1024\" height=\"768\" data-id=\"46886\" src=\"https:\/\/radiostudiow.com.br\/site\/wp-content\/uploads\/2026\/01\/6e09f893-8493-4478-95e3-2af6729e5fbf-1024x768.jpg\" alt=\"\" class=\"wp-image-46886\" srcset=\"https:\/\/radiostudiow.com.br\/site\/wp-content\/uploads\/2026\/01\/6e09f893-8493-4478-95e3-2af6729e5fbf-1024x768.jpg 1024w, https:\/\/radiostudiow.com.br\/site\/wp-content\/uploads\/2026\/01\/6e09f893-8493-4478-95e3-2af6729e5fbf-300x225.jpg 300w, https:\/\/radiostudiow.com.br\/site\/wp-content\/uploads\/2026\/01\/6e09f893-8493-4478-95e3-2af6729e5fbf-768x576.jpg 768w, https:\/\/radiostudiow.com.br\/site\/wp-content\/uploads\/2026\/01\/6e09f893-8493-4478-95e3-2af6729e5fbf-1536x1152.jpg 1536w, https:\/\/radiostudiow.com.br\/site\/wp-content\/uploads\/2026\/01\/6e09f893-8493-4478-95e3-2af6729e5fbf.jpg 1600w\" sizes=\"auto, (max-width: 1024px) 100vw, 1024px\" \/><\/figure>\n<\/figure>\n\n\n\n<p><\/p>\n\n\n\n<p style=\"font-size:26px\"><strong>ACOMPANHE HOJE SEXTA-FEIRA DIA 23 DE JANEIRO AS 20:00 HORAS A REPORTAGEM NO W NOT\u00cdCIAS COM A ENTREVISTA DO 1\u00ba SARGENTO JOAQUIM PACHOLOK FALANDO SOBRE O ACIDENTE.<\/strong><\/p>\n\n\n\n<figure class=\"wp-block-image size-large\"><img loading=\"lazy\" decoding=\"async\" width=\"1024\" height=\"576\" src=\"https:\/\/radiostudiow.com.br\/site\/wp-content\/uploads\/2026\/01\/df1096fa-a796-451c-bff9-e27742323b41-1024x576.jpg\" alt=\"\" class=\"wp-image-46889\" srcset=\"https:\/\/radiostudiow.com.br\/site\/wp-content\/uploads\/2026\/01\/df1096fa-a796-451c-bff9-e27742323b41-1024x576.jpg 1024w, https:\/\/radiostudiow.com.br\/site\/wp-content\/uploads\/2026\/01\/df1096fa-a796-451c-bff9-e27742323b41-300x169.jpg 300w, https:\/\/radiostudiow.com.br\/site\/wp-content\/uploads\/2026\/01\/df1096fa-a796-451c-bff9-e27742323b41-768x432.jpg 768w, https:\/\/radiostudiow.com.br\/site\/wp-content\/uploads\/2026\/01\/df1096fa-a796-451c-bff9-e27742323b41-1536x864.jpg 1536w, https:\/\/radiostudiow.com.br\/site\/wp-content\/uploads\/2026\/01\/df1096fa-a796-451c-bff9-e27742323b41.jpg 1600w\" sizes=\"auto, (max-width: 1024px) 100vw, 1024px\" \/><\/figure>\n\n\n\n<p><\/p>\n\n\n\n<p><\/p>\n\n\n\n<h2 class=\"wp-block-heading\">Da Reda\u00e7\u00e3o do W Not\u00edcias da Studio W de Mallet &#8211; Reportagem Valdir Wladyka<\/h2>\n","protected":false},"excerpt":{"rendered":"<p>Acidente ocorreu pr\u00f3ximo ao km 378, na entrada da Col\u00f4nia D\u00falcio; v\u00edtimas foram socorridas por brigadistas e encaminhadas para atendimento m\u00e9dico Um acidente do tipo sa\u00edda de pista foi registrado no in\u00edcio da tarde desta sexta-feira, dia 23, na BR-153, nas proximidades do km 378, pr\u00f3ximo \u00e0 entrada da Col\u00f4nia D\u00falcio. A ocorr\u00eancia mobilizou os [&hellip;]<\/p>\n","protected":false},"author":2,"featured_media":0,"comment_status":"open","ping_status":"open","sticky":false,"template":"","format":"standard","meta":{"footnotes":""},"categories":[184],"tags":[172],"class_list":["post-46879","post","type-post","status-publish","format-standard","hentry","category-local","tag-featured"],"amp_enabled":true,"_links":{"self":[{"href":"https:\/\/radiostudiow.com.br\/site\/wp-json\/wp\/v2\/posts\/46879","targetHints":{"allow":["GET"]}}],"collection":[{"href":"https:\/\/radiostudiow.com.br\/site\/wp-json\/wp\/v2\/posts"}],"about":[{"href":"https:\/\/radiostudiow.com.br\/site\/wp-json\/wp\/v2\/types\/post"}],"author":[{"embeddable":true,"href":"https:\/\/radiostudiow.com.br\/site\/wp-json\/wp\/v2\/users\/2"}],"replies":[{"embeddable":true,"href":"https:\/\/radiostudiow.com.br\/site\/wp-json\/wp\/v2\/comments?post=46879"}],"version-history":[{"count":2,"href":"https:\/\/radiostudiow.com.br\/site\/wp-json\/wp\/v2\/posts\/46879\/revisions"}],"predecessor-version":[{"id":46891,"href":"https:\/\/radiostudiow.com.br\/site\/wp-json\/wp\/v2\/posts\/46879\/revisions\/46891"}],"wp:attachment":[{"href":"https:\/\/radiostudiow.com.br\/site\/wp-json\/wp\/v2\/media?parent=46879"}],"wp:term":[{"taxonomy":"category","embeddable":true,"href":"https:\/\/radiostudiow.com.br\/site\/wp-json\/wp\/v2\/categories?post=46879"},{"taxonomy":"post_tag","embeddable":true,"href":"https:\/\/radiostudiow.com.br\/site\/wp-json\/wp\/v2\/tags?post=46879"}],"curies":[{"name":"wp","href":"https:\/\/api.w.org\/{rel}","templated":true}]}}