{"id":46931,"date":"2026-01-24T16:03:47","date_gmt":"2026-01-24T19:03:47","guid":{"rendered":"https:\/\/radiostudiow.com.br\/site\/?p=46931"},"modified":"2026-01-24T16:03:48","modified_gmt":"2026-01-24T19:03:48","slug":"bombeiros-encerram-buscas-por-idosa-desaparecida-em-mallet-apos-esgotarem-todos-os-recursos-disponiveis","status":"publish","type":"post","link":"https:\/\/radiostudiow.com.br\/site\/2026\/01\/24\/bombeiros-encerram-buscas-por-idosa-desaparecida-em-mallet-apos-esgotarem-todos-os-recursos-disponiveis\/","title":{"rendered":"Bombeiros encerram buscas por idosa desaparecida em Mallet ap\u00f3s esgotarem todos os recursos dispon\u00edveis"},"content":{"rendered":"\n<figure class=\"wp-block-image size-full\"><img loading=\"lazy\" decoding=\"async\" width=\"897\" height=\"204\" src=\"https:\/\/radiostudiow.com.br\/site\/wp-content\/uploads\/2025\/03\/BARAO-NOVO-NOTICIAS-1.jpg\" alt=\"\" class=\"wp-image-35084\" srcset=\"https:\/\/radiostudiow.com.br\/site\/wp-content\/uploads\/2025\/03\/BARAO-NOVO-NOTICIAS-1.jpg 897w, https:\/\/radiostudiow.com.br\/site\/wp-content\/uploads\/2025\/03\/BARAO-NOVO-NOTICIAS-1-300x68.jpg 300w, https:\/\/radiostudiow.com.br\/site\/wp-content\/uploads\/2025\/03\/BARAO-NOVO-NOTICIAS-1-768x175.jpg 768w\" sizes=\"auto, (max-width: 897px) 100vw, 897px\" \/><\/figure>\n\n\n\n<p>Ap\u00f3s nove dias de trabalho intenso, marcado por dedica\u00e7\u00e3o, coragem e empenho ininterrupto, o Corpo de Bombeiros Militar do Paran\u00e1 anunciou o encerramento oficial das buscas pela idosa <strong>Em\u00edlia Tomkelski Ansolin<\/strong>, de 72 anos, desaparecida desde o dia <strong>15 de janeiro<\/strong> em sua propriedade na <strong>Col\u00f4nia Dulcio<\/strong>, no munic\u00edpio de Mallet.<\/p>\n\n\n\n<p class=\"has-medium-font-size\">A informa\u00e7\u00e3o foi confirmada nesta <strong>sexta-feira, 23 de janeiro<\/strong>, durante entrevista concedida ao <strong>Jornal W Not\u00edcias<\/strong>, nos est\u00fadios da <strong>Studio W TV<\/strong>, pelo <strong>1\u00ba Sargento Pacholok<\/strong>, do Corpo de Bombeiros de Irati e respons\u00e1vel pelos Brigadistas Comunit\u00e1rios de Mallet.<\/p>\n\n\n\n<p>Segundo o sargento, todos os recursos humanos e tecnol\u00f3gicos disponibilizados pelo Estado foram empregados nas buscas, que envolveram equipes de diferentes regi\u00f5es do Paran\u00e1, incluindo <strong>Irati, Guarapuava e Curitiba<\/strong>, al\u00e9m do apoio fundamental dos <strong>Brigadistas Comunit\u00e1rios de Mallet<\/strong>, que atuaram de forma incans\u00e1vel desde o in\u00edcio das opera\u00e7\u00f5es.<\/p>\n\n\n\n<p>Foto Drone da Studio W<\/p>\n\n\n\n<figure class=\"wp-block-gallery has-nested-images columns-default is-cropped wp-block-gallery-1 is-layout-flex wp-block-gallery-is-layout-flex\">\n<figure class=\"wp-block-image size-large\"><img loading=\"lazy\" decoding=\"async\" width=\"1024\" height=\"715\" data-id=\"46933\" src=\"https:\/\/radiostudiow.com.br\/site\/wp-content\/uploads\/2026\/01\/DJI_0132-1-1024x715.png\" alt=\"\" class=\"wp-image-46933\" srcset=\"https:\/\/radiostudiow.com.br\/site\/wp-content\/uploads\/2026\/01\/DJI_0132-1-1024x715.png 1024w, https:\/\/radiostudiow.com.br\/site\/wp-content\/uploads\/2026\/01\/DJI_0132-1-300x209.png 300w, https:\/\/radiostudiow.com.br\/site\/wp-content\/uploads\/2026\/01\/DJI_0132-1-768x536.png 768w, https:\/\/radiostudiow.com.br\/site\/wp-content\/uploads\/2026\/01\/DJI_0132-1-1536x1072.png 1536w, https:\/\/radiostudiow.com.br\/site\/wp-content\/uploads\/2026\/01\/DJI_0132-1-2048x1429.png 2048w\" sizes=\"auto, (max-width: 1024px) 100vw, 1024px\" \/><\/figure>\n<\/figure>\n\n\n\n<figure class=\"wp-block-image size-full\"><img loading=\"lazy\" decoding=\"async\" width=\"897\" height=\"204\" src=\"https:\/\/radiostudiow.com.br\/site\/wp-content\/uploads\/2025\/03\/image-62.png\" alt=\"\" class=\"wp-image-35859\" srcset=\"https:\/\/radiostudiow.com.br\/site\/wp-content\/uploads\/2025\/03\/image-62.png 897w, https:\/\/radiostudiow.com.br\/site\/wp-content\/uploads\/2025\/03\/image-62-300x68.png 300w, https:\/\/radiostudiow.com.br\/site\/wp-content\/uploads\/2025\/03\/image-62-768x175.png 768w\" sizes=\"auto, (max-width: 897px) 100vw, 897px\" \/><\/figure>\n\n\n\n<p><\/p>\n\n\n\n<p class=\"has-medium-font-size\">Durante os nove dias de procura, os bombeiros realizaram varreduras minuciosas em <strong>planta\u00e7\u00f5es, matas fechadas, \u00e1reas de reflorestamento, estradas rurais, carreiros, margens de rios e dentro da \u00e1gua<\/strong>, al\u00e9m de buscas ao longo da <strong>rodovia BR-153<\/strong>. Tamb\u00e9m foram verificados locais onde Dona Em\u00edlia j\u00e1 havia sido vista em ocasi\u00f5es anteriores e checadas informa\u00e7\u00f5es repassadas por moradores e por meio de liga\u00e7\u00f5es telef\u00f4nicas, inclusive relatos de pessoas que afirmaram ter visto algu\u00e9m semelhante caminhando pela rodovia.<\/p>\n\n\n\n<p>As equipes utilizaram <strong>drones com c\u00e2meras t\u00e9rmicas<\/strong>, <strong>c\u00e3es farejadores especializados na localiza\u00e7\u00e3o de pessoas desaparecidas<\/strong> e contaram ainda com o apoio a\u00e9reo de um <strong>helic\u00f3ptero da Pol\u00edcia Militar<\/strong>, deslocado da cidade de Cascavel exclusivamente para auxiliar nos trabalhos. Paralelamente, hospitais de toda a regi\u00e3o foram contatados, mas nenhuma pista concreta ou evid\u00eancia foi encontrada.<\/p>\n\n\n\n<p style=\"font-size:23px\"><strong>\u201cO que estava ao nosso alcance foi feito. Todos os recursos dispon\u00edveis foram empregados\u201d, destacou o 1\u00ba Sargento Pacholok, ressaltando o esfor\u00e7o coletivo e o compromisso das equipes envolvidas. <\/strong><\/p>\n\n\n\n<p>De acordo com ele, n\u00e3o h\u00e1 mais \u00e1reas a serem vistoriadas nem ind\u00edcios que apontem para novos locais de busca no momento.<\/p>\n\n\n\n<figure class=\"wp-block-image size-full\"><img loading=\"lazy\" decoding=\"async\" width=\"716\" height=\"758\" src=\"https:\/\/radiostudiow.com.br\/site\/wp-content\/uploads\/2026\/01\/fcb37469-941e-4e04-865f-c66354878bb0-1.jpg\" alt=\"\" class=\"wp-image-46934\" srcset=\"https:\/\/radiostudiow.com.br\/site\/wp-content\/uploads\/2026\/01\/fcb37469-941e-4e04-865f-c66354878bb0-1.jpg 716w, https:\/\/radiostudiow.com.br\/site\/wp-content\/uploads\/2026\/01\/fcb37469-941e-4e04-865f-c66354878bb0-1-283x300.jpg 283w\" sizes=\"auto, (max-width: 716px) 100vw, 716px\" \/><\/figure>\n\n\n\n<figure class=\"wp-block-image size-full\"><img loading=\"lazy\" decoding=\"async\" width=\"731\" height=\"246\" src=\"https:\/\/radiostudiow.com.br\/site\/wp-content\/uploads\/2026\/01\/VITALY.png\" alt=\"\" class=\"wp-image-46547\" srcset=\"https:\/\/radiostudiow.com.br\/site\/wp-content\/uploads\/2026\/01\/VITALY.png 731w, https:\/\/radiostudiow.com.br\/site\/wp-content\/uploads\/2026\/01\/VITALY-300x101.png 300w\" sizes=\"auto, (max-width: 731px) 100vw, 731px\" \/><\/figure>\n\n\n\n<p class=\"has-medium-font-size\">Diante desse cen\u00e1rio, o <strong>Comando do Corpo de Bombeiros Militar do Paran\u00e1<\/strong>, por meio da <strong>6\u00aa Companhia Independente de Bombeiro Militar (6\u00aa CIBM) de Irati<\/strong>, decidiu pelo encerramento oficial das buscas. No entanto, o sargento refor\u00e7ou que o caso <strong>n\u00e3o est\u00e1 encerrado<\/strong> e que qualquer <strong>informa\u00e7\u00e3o concreta e confi\u00e1vel<\/strong> sobre o paradeiro de Dona Em\u00edlia continuar\u00e1 sendo recebida e devidamente averiguada pelas autoridades.<\/p>\n\n\n\n<p class=\"has-medium-font-size\">O encerramento das buscas deixa um sentimento de ang\u00fastia e solidariedade \u00e0 fam\u00edlia, mas tamb\u00e9m evidencia o trabalho incans\u00e1vel, t\u00e9cnico e humano desempenhado pelos bombeiros e brigadistas, que n\u00e3o mediram esfor\u00e7os na tentativa de localizar a idosa, reafirmando o compromisso dessas equipes com a preserva\u00e7\u00e3o da vida e o servi\u00e7o \u00e0 comunidade.<\/p>\n\n\n\n<figure class=\"wp-block-image size-full\"><img loading=\"lazy\" decoding=\"async\" width=\"300\" height=\"250\" src=\"https:\/\/radiostudiow.com.br\/site\/wp-content\/uploads\/2026\/01\/a870a6fa-6c69-4c81-b646-5c2e1b4c4b3b.jpg\" alt=\"\" class=\"wp-image-46935\"\/><\/figure>\n\n\n\n<h2 class=\"wp-block-heading\">ASSISTA A ENTREVISTA COMPLETA COM O 1\u00ba SARGENTO JOAQUIM PACHOLOK DURANTE O JORNAL W NOT\u00cdCIAS DESTA SEXTA-FEIRA DIA 24 DE JANEIRO <\/h2>\n\n\n\n<figure class=\"wp-block-embed is-type-video is-provider-youtube wp-block-embed-youtube wp-embed-aspect-16-9 wp-has-aspect-ratio\"><div class=\"wp-block-embed__wrapper\">\n<iframe loading=\"lazy\" title=\"W Not\u00edcias: Bombeiros encerram buscas por idosa desaparecida em Mallet\" width=\"740\" height=\"416\" src=\"https:\/\/www.youtube.com\/embed\/4icpWiM78h4?feature=oembed\" frameborder=\"0\" allow=\"accelerometer; autoplay; clipboard-write; encrypted-media; gyroscope; picture-in-picture; web-share\" referrerpolicy=\"strict-origin-when-cross-origin\" allowfullscreen><\/iframe>\n<\/div><\/figure>\n\n\n\n<figure class=\"wp-block-image size-full is-resized\"><img loading=\"lazy\" decoding=\"async\" width=\"598\" height=\"204\" src=\"https:\/\/radiostudiow.com.br\/site\/wp-content\/uploads\/2024\/10\/labirati.png\" alt=\"\" class=\"wp-image-28854\" style=\"width:740px;height:auto\" srcset=\"https:\/\/radiostudiow.com.br\/site\/wp-content\/uploads\/2024\/10\/labirati.png 598w, https:\/\/radiostudiow.com.br\/site\/wp-content\/uploads\/2024\/10\/labirati-300x102.png 300w\" sizes=\"auto, (max-width: 598px) 100vw, 598px\" \/><\/figure>\n\n\n\n<p><\/p>\n\n\n\n<h2 class=\"wp-block-heading\">DA REDA\u00c7\u00c3O DO JORNAL W NOT\u00cdCIAS DA STUDIO W TV  &#8211; <\/h2>\n\n\n\n<h2 class=\"wp-block-heading\">APRESENTA\u00c7\u00c3O VALDIR WLADYKA<\/h2>\n\n\n\n<p><\/p>\n","protected":false},"excerpt":{"rendered":"<p>Ap\u00f3s nove dias de trabalho intenso, marcado por dedica\u00e7\u00e3o, coragem e empenho ininterrupto, o Corpo de Bombeiros Militar do Paran\u00e1 anunciou o encerramento oficial das buscas pela idosa Em\u00edlia Tomkelski Ansolin, de 72 anos, desaparecida desde o dia 15 de janeiro em sua propriedade na Col\u00f4nia Dulcio, no munic\u00edpio de Mallet. A informa\u00e7\u00e3o foi confirmada [&hellip;]<\/p>\n","protected":false},"author":2,"featured_media":46932,"comment_status":"open","ping_status":"open","sticky":false,"template":"","format":"standard","meta":{"footnotes":""},"categories":[184],"tags":[172],"class_list":["post-46931","post","type-post","status-publish","format-standard","has-post-thumbnail","hentry","category-local","tag-featured"],"amp_enabled":true,"_links":{"self":[{"href":"https:\/\/radiostudiow.com.br\/site\/wp-json\/wp\/v2\/posts\/46931","targetHints":{"allow":["GET"]}}],"collection":[{"href":"https:\/\/radiostudiow.com.br\/site\/wp-json\/wp\/v2\/posts"}],"about":[{"href":"https:\/\/radiostudiow.com.br\/site\/wp-json\/wp\/v2\/types\/post"}],"author":[{"embeddable":true,"href":"https:\/\/radiostudiow.com.br\/site\/wp-json\/wp\/v2\/users\/2"}],"replies":[{"embeddable":true,"href":"https:\/\/radiostudiow.com.br\/site\/wp-json\/wp\/v2\/comments?post=46931"}],"version-history":[{"count":1,"href":"https:\/\/radiostudiow.com.br\/site\/wp-json\/wp\/v2\/posts\/46931\/revisions"}],"predecessor-version":[{"id":46936,"href":"https:\/\/radiostudiow.com.br\/site\/wp-json\/wp\/v2\/posts\/46931\/revisions\/46936"}],"wp:featuredmedia":[{"embeddable":true,"href":"https:\/\/radiostudiow.com.br\/site\/wp-json\/wp\/v2\/media\/46932"}],"wp:attachment":[{"href":"https:\/\/radiostudiow.com.br\/site\/wp-json\/wp\/v2\/media?parent=46931"}],"wp:term":[{"taxonomy":"category","embeddable":true,"href":"https:\/\/radiostudiow.com.br\/site\/wp-json\/wp\/v2\/categories?post=46931"},{"taxonomy":"post_tag","embeddable":true,"href":"https:\/\/radiostudiow.com.br\/site\/wp-json\/wp\/v2\/tags?post=46931"}],"curies":[{"name":"wp","href":"https:\/\/api.w.org\/{rel}","templated":true}]}}