{"id":4754,"date":"2021-11-30T17:24:22","date_gmt":"2021-11-30T20:24:22","guid":{"rendered":"https:\/\/radiostudiow.com.br\/site\/?p=4754"},"modified":"2025-01-31T15:12:17","modified_gmt":"2025-01-31T18:12:17","slug":"vice-governador-do-parana-darci-piana-confirma-presenca-na-inauguracao-da-nova-escola-da-apae-de-mallet","status":"publish","type":"post","link":"https:\/\/radiostudiow.com.br\/site\/2021\/11\/30\/vice-governador-do-parana-darci-piana-confirma-presenca-na-inauguracao-da-nova-escola-da-apae-de-mallet\/","title":{"rendered":"VICE GOVERNADOR DO PARAN\u00c1 DARCI PIANA, CONFIRMA PRESEN\u00c7A NA INAUGURA\u00c7\u00c3O DA NOVA ESCOLA DA APAE DE MALLET"},"content":{"rendered":"\n<p>O sonho aguardado h\u00e1 mais de 25 anos ter\u00e1 o seu desfecho final amanh\u00e3, quarta-feira dia 1\u00ba de dezembro, \u00e0s 15:00 horas.<\/p>\n\n\n\n<p>\u00c9 o que a prefeitura Municipal de Mallet est\u00e1 programando para a inaugura\u00e7\u00e3o da Nova sede da escola especial Raio de Luz, a nossa APAE aqui de Mallet.<\/p>\n\n\n\n<p>Segundo o prefeito municipal Moacir Szinvelski ter\u00e1 a presen\u00e7a confirmada do vice-governador do Estado do Paran\u00e1, Darci Piana.<\/p>\n\n\n\n<p>De acordo com o prefeito, o vice-governador juntamente com o l\u00edder do governo do estado na assembleia legislativa do Paran\u00e1, o deputado estadual Hussein Backri, respons\u00e1vel em trazer parte dos recursos do estado para a constru\u00e7\u00e3o de uma das alas da nova sede, estar\u00e3o presentes neste evento.<\/p>\n\n\n\n<p>Outro bloco da nova escola, foi pago com recursos pr\u00f3prios da Prefeitura Municipal de Mallet. &#8220;\u00c9 \u00e9 um orgulho para nossa gest\u00e3o entregar esse novo espa\u00e7o aos nossos alunos especiais da nossa escola Raio de Luz, um sonho que torna-se realidade com a finaliza\u00e7\u00e3o desta obra&#8221;, destacou Szinvelski \u00e0 nossa reportagem.<\/p>\n\n\n\n<p>Acompanhe amanh\u00e3 ao vivo, pela p\u00e1gina do Facebook da Studio W, toda a cobertura da vinda do vice-governador do Estado do Paran\u00e1,Darci Piana e tamb\u00e9m da inaugura\u00e7\u00e3o do novo pr\u00e9dio da APAE aqui de Mallet.<\/p>\n\n\n\n<figure class=\"wp-block-image\"><img decoding=\"async\" src=\"https:\/\/scontent.fcfc2-1.fna.fbcdn.net\/v\/t39.30808-6\/p600x600\/231815384_4188224831225875_2309644443555162767_n.jpg?_nc_cat=105&amp;ccb=1-5&amp;_nc_sid=e3f864&amp;_nc_ohc=t6LiAvJ8SVoAX9NLVoF&amp;_nc_ht=scontent.fcfc2-1.fna&amp;oh=8881d57ed10091294f643ea2427102b6&amp;oe=61AAA78A\" alt=\"\"\/><\/figure>\n","protected":false},"excerpt":{"rendered":"<p>O sonho aguardado h\u00e1 mais de 25 anos ter\u00e1 o seu desfecho final amanh\u00e3, quarta-feira dia 1\u00ba de dezembro, \u00e0s 15:00 horas. \u00c9 o que a prefeitura Municipal de Mallet est\u00e1 programando para a inaugura\u00e7\u00e3o da Nova sede da escola especial Raio de Luz, a nossa APAE aqui de Mallet. Segundo o prefeito municipal Moacir [&hellip;]<\/p>\n","protected":false},"author":2,"featured_media":4755,"comment_status":"open","ping_status":"open","sticky":false,"template":"","format":"standard","meta":{"footnotes":""},"categories":[184],"tags":[172],"class_list":["post-4754","post","type-post","status-publish","format-standard","has-post-thumbnail","hentry","category-local","tag-featured"],"amp_enabled":true,"_links":{"self":[{"href":"https:\/\/radiostudiow.com.br\/site\/wp-json\/wp\/v2\/posts\/4754","targetHints":{"allow":["GET"]}}],"collection":[{"href":"https:\/\/radiostudiow.com.br\/site\/wp-json\/wp\/v2\/posts"}],"about":[{"href":"https:\/\/radiostudiow.com.br\/site\/wp-json\/wp\/v2\/types\/post"}],"author":[{"embeddable":true,"href":"https:\/\/radiostudiow.com.br\/site\/wp-json\/wp\/v2\/users\/2"}],"replies":[{"embeddable":true,"href":"https:\/\/radiostudiow.com.br\/site\/wp-json\/wp\/v2\/comments?post=4754"}],"version-history":[{"count":1,"href":"https:\/\/radiostudiow.com.br\/site\/wp-json\/wp\/v2\/posts\/4754\/revisions"}],"predecessor-version":[{"id":4756,"href":"https:\/\/radiostudiow.com.br\/site\/wp-json\/wp\/v2\/posts\/4754\/revisions\/4756"}],"wp:featuredmedia":[{"embeddable":true,"href":"https:\/\/radiostudiow.com.br\/site\/wp-json\/wp\/v2\/media\/4755"}],"wp:attachment":[{"href":"https:\/\/radiostudiow.com.br\/site\/wp-json\/wp\/v2\/media?parent=4754"}],"wp:term":[{"taxonomy":"category","embeddable":true,"href":"https:\/\/radiostudiow.com.br\/site\/wp-json\/wp\/v2\/categories?post=4754"},{"taxonomy":"post_tag","embeddable":true,"href":"https:\/\/radiostudiow.com.br\/site\/wp-json\/wp\/v2\/tags?post=4754"}],"curies":[{"name":"wp","href":"https:\/\/api.w.org\/{rel}","templated":true}]}}