{"id":47905,"date":"2026-02-28T09:09:36","date_gmt":"2026-02-28T12:09:36","guid":{"rendered":"https:\/\/radiostudiow.com.br\/site\/?p=47905"},"modified":"2026-02-28T09:09:37","modified_gmt":"2026-02-28T12:09:37","slug":"policia-militar-prende-homem-envolvido-em-tentativa-de-homicidio-e-apreende-armas-de-fogo-em-uniao-da-vitoria","status":"publish","type":"post","link":"https:\/\/radiostudiow.com.br\/site\/2026\/02\/28\/policia-militar-prende-homem-envolvido-em-tentativa-de-homicidio-e-apreende-armas-de-fogo-em-uniao-da-vitoria\/","title":{"rendered":"Pol\u00edcia Militar prende homem envolvido em tentativa de homic\u00eddio e apreende armas de fogo em Uni\u00e3o da Vit\u00f3ria"},"content":{"rendered":"\n<figure class=\"wp-block-image size-full\"><img loading=\"lazy\" decoding=\"async\" width=\"731\" height=\"204\" src=\"https:\/\/radiostudiow.com.br\/site\/wp-content\/uploads\/2026\/01\/pax-2026.png\" alt=\"\" class=\"wp-image-46172\" srcset=\"https:\/\/radiostudiow.com.br\/site\/wp-content\/uploads\/2026\/01\/pax-2026.png 731w, https:\/\/radiostudiow.com.br\/site\/wp-content\/uploads\/2026\/01\/pax-2026-300x84.png 300w\" sizes=\"auto, (max-width: 731px) 100vw, 731px\" \/><\/figure>\n\n\n\n<p>Ap\u00f3s den\u00fancia registrada na ag\u00eancia local de intelig\u00eancia envolvendo disparos de arma de fogo em data anterior, as equipes da Pol\u00edcia Militar de Uni\u00e3o da Vit\u00f3ria abordaram um ve\u00edculo que transportava o principal suspeito do crime<\/p>\n\n\n\n<p>Durante abordagem o homem informou o local onde estariam as armas utilizadas. A situa\u00e7\u00e3o ocorreu no bairro S\u00e3o Sebasti\u00e3o por volta das 09h30min dessa sexta-feira (27).<\/p>\n\n\n\n<p>Foram encontrados dois rifles de press\u00e3o, sendo verificado que um deles apresentava adapta\u00e7\u00e3o e uma muni\u00e7\u00e3o deflagrada calibre .22 presa no interior da c\u00e2mara.<\/p>\n\n\n\n<p>Diante dos fatos, o abordado e o morador do im\u00f3vel indicado foram conduzidos at\u00e9 a 4\u00aa SDP para as provid\u00eancias cab\u00edveis.<\/p>\n\n\n\n<figure class=\"wp-block-image size-full\"><img loading=\"lazy\" decoding=\"async\" width=\"598\" height=\"204\" src=\"https:\/\/radiostudiow.com.br\/site\/wp-content\/uploads\/2024\/01\/SITE-MEDIO.png\" alt=\"\" class=\"wp-image-18916\" srcset=\"https:\/\/radiostudiow.com.br\/site\/wp-content\/uploads\/2024\/01\/SITE-MEDIO.png 598w, https:\/\/radiostudiow.com.br\/site\/wp-content\/uploads\/2024\/01\/SITE-MEDIO-300x102.png 300w\" sizes=\"auto, (max-width: 598px) 100vw, 598px\" \/><\/figure>\n","protected":false},"excerpt":{"rendered":"<p>Ap\u00f3s den\u00fancia registrada na ag\u00eancia local de intelig\u00eancia envolvendo disparos de arma de fogo em data anterior, as equipes da Pol\u00edcia Militar de Uni\u00e3o da Vit\u00f3ria abordaram um ve\u00edculo que transportava o principal suspeito do crime Durante abordagem o homem informou o local onde estariam as armas utilizadas. A situa\u00e7\u00e3o ocorreu no bairro S\u00e3o Sebasti\u00e3o [&hellip;]<\/p>\n","protected":false},"author":2,"featured_media":47906,"comment_status":"open","ping_status":"open","sticky":false,"template":"","format":"standard","meta":{"footnotes":""},"categories":[2],"tags":[172],"class_list":["post-47905","post","type-post","status-publish","format-standard","has-post-thumbnail","hentry","category-policial","tag-featured"],"amp_enabled":true,"_links":{"self":[{"href":"https:\/\/radiostudiow.com.br\/site\/wp-json\/wp\/v2\/posts\/47905","targetHints":{"allow":["GET"]}}],"collection":[{"href":"https:\/\/radiostudiow.com.br\/site\/wp-json\/wp\/v2\/posts"}],"about":[{"href":"https:\/\/radiostudiow.com.br\/site\/wp-json\/wp\/v2\/types\/post"}],"author":[{"embeddable":true,"href":"https:\/\/radiostudiow.com.br\/site\/wp-json\/wp\/v2\/users\/2"}],"replies":[{"embeddable":true,"href":"https:\/\/radiostudiow.com.br\/site\/wp-json\/wp\/v2\/comments?post=47905"}],"version-history":[{"count":1,"href":"https:\/\/radiostudiow.com.br\/site\/wp-json\/wp\/v2\/posts\/47905\/revisions"}],"predecessor-version":[{"id":47907,"href":"https:\/\/radiostudiow.com.br\/site\/wp-json\/wp\/v2\/posts\/47905\/revisions\/47907"}],"wp:featuredmedia":[{"embeddable":true,"href":"https:\/\/radiostudiow.com.br\/site\/wp-json\/wp\/v2\/media\/47906"}],"wp:attachment":[{"href":"https:\/\/radiostudiow.com.br\/site\/wp-json\/wp\/v2\/media?parent=47905"}],"wp:term":[{"taxonomy":"category","embeddable":true,"href":"https:\/\/radiostudiow.com.br\/site\/wp-json\/wp\/v2\/categories?post=47905"},{"taxonomy":"post_tag","embeddable":true,"href":"https:\/\/radiostudiow.com.br\/site\/wp-json\/wp\/v2\/tags?post=47905"}],"curies":[{"name":"wp","href":"https:\/\/api.w.org\/{rel}","templated":true}]}}