{"id":47918,"date":"2026-02-28T12:05:24","date_gmt":"2026-02-28T15:05:24","guid":{"rendered":"https:\/\/radiostudiow.com.br\/site\/?p=47918"},"modified":"2026-02-28T12:05:24","modified_gmt":"2026-02-28T15:05:24","slug":"homem-e-ameacado-com-facao-em-rio-azul","status":"publish","type":"post","link":"https:\/\/radiostudiow.com.br\/site\/2026\/02\/28\/homem-e-ameacado-com-facao-em-rio-azul\/","title":{"rendered":"Homem \u00e9 amea\u00e7ado com fac\u00e3o em Rio Azul"},"content":{"rendered":"\n<figure class=\"wp-block-image size-full\"><img loading=\"lazy\" decoding=\"async\" width=\"598\" height=\"204\" src=\"https:\/\/radiostudiow.com.br\/site\/wp-content\/uploads\/2025\/04\/BOROX.png\" alt=\"\" class=\"wp-image-37229\" srcset=\"https:\/\/radiostudiow.com.br\/site\/wp-content\/uploads\/2025\/04\/BOROX.png 598w, https:\/\/radiostudiow.com.br\/site\/wp-content\/uploads\/2025\/04\/BOROX-300x102.png 300w\" sizes=\"auto, (max-width: 598px) 100vw, 598px\" \/><\/figure>\n\n\n\n<p>Um homem foi amea\u00e7ado com um fac\u00e3o na localidade de Marumbi dos Ribeiros, em Rio Azul na noite desta quarta-feira (25).<br><br>De acordo com o relat\u00f3rio da Pol\u00edcia Militar, o autor deixou o local antes da chegada da equipe.<\/p>\n\n\n\n<p>A v\u00edtima foi orientada a registrar boletim de ocorr\u00eancia e procurar a Delegacia de Pol\u00edcia Civil de Rebou\u00e7as para continuidade do caso.<\/p>\n\n\n\n<p><a href=\"https:\/\/gruposaber.com.br\/\"><\/a><\/p>\n","protected":false},"excerpt":{"rendered":"<p>Um homem foi amea\u00e7ado com um fac\u00e3o na localidade de Marumbi dos Ribeiros, em Rio Azul na noite desta quarta-feira (25). De acordo com o relat\u00f3rio da Pol\u00edcia Militar, o autor deixou o local antes da chegada da equipe. A v\u00edtima foi orientada a registrar boletim de ocorr\u00eancia e procurar a Delegacia de Pol\u00edcia Civil [&hellip;]<\/p>\n","protected":false},"author":2,"featured_media":35305,"comment_status":"open","ping_status":"open","sticky":false,"template":"","format":"standard","meta":{"footnotes":""},"categories":[2],"tags":[172],"class_list":["post-47918","post","type-post","status-publish","format-standard","has-post-thumbnail","hentry","category-policial","tag-featured"],"amp_enabled":true,"_links":{"self":[{"href":"https:\/\/radiostudiow.com.br\/site\/wp-json\/wp\/v2\/posts\/47918","targetHints":{"allow":["GET"]}}],"collection":[{"href":"https:\/\/radiostudiow.com.br\/site\/wp-json\/wp\/v2\/posts"}],"about":[{"href":"https:\/\/radiostudiow.com.br\/site\/wp-json\/wp\/v2\/types\/post"}],"author":[{"embeddable":true,"href":"https:\/\/radiostudiow.com.br\/site\/wp-json\/wp\/v2\/users\/2"}],"replies":[{"embeddable":true,"href":"https:\/\/radiostudiow.com.br\/site\/wp-json\/wp\/v2\/comments?post=47918"}],"version-history":[{"count":2,"href":"https:\/\/radiostudiow.com.br\/site\/wp-json\/wp\/v2\/posts\/47918\/revisions"}],"predecessor-version":[{"id":47932,"href":"https:\/\/radiostudiow.com.br\/site\/wp-json\/wp\/v2\/posts\/47918\/revisions\/47932"}],"wp:featuredmedia":[{"embeddable":true,"href":"https:\/\/radiostudiow.com.br\/site\/wp-json\/wp\/v2\/media\/35305"}],"wp:attachment":[{"href":"https:\/\/radiostudiow.com.br\/site\/wp-json\/wp\/v2\/media?parent=47918"}],"wp:term":[{"taxonomy":"category","embeddable":true,"href":"https:\/\/radiostudiow.com.br\/site\/wp-json\/wp\/v2\/categories?post=47918"},{"taxonomy":"post_tag","embeddable":true,"href":"https:\/\/radiostudiow.com.br\/site\/wp-json\/wp\/v2\/tags?post=47918"}],"curies":[{"name":"wp","href":"https:\/\/api.w.org\/{rel}","templated":true}]}}