{"id":47953,"date":"2026-03-02T09:34:07","date_gmt":"2026-03-02T12:34:07","guid":{"rendered":"https:\/\/radiostudiow.com.br\/site\/?p=47953"},"modified":"2026-03-02T09:34:08","modified_gmt":"2026-03-02T12:34:08","slug":"colisao-frontal-na-br-153-deixa-dois-feridos-em-imbituva","status":"publish","type":"post","link":"https:\/\/radiostudiow.com.br\/site\/2026\/03\/02\/colisao-frontal-na-br-153-deixa-dois-feridos-em-imbituva\/","title":{"rendered":"Colis\u00e3o frontal na BR-153 deixa dois feridos em Imbituva"},"content":{"rendered":"\n<figure class=\"wp-block-image size-full\"><img loading=\"lazy\" decoding=\"async\" width=\"897\" height=\"204\" src=\"https:\/\/radiostudiow.com.br\/site\/wp-content\/uploads\/2025\/03\/BARAO-NOVO-NOTICIAS-1.jpg\" alt=\"\" class=\"wp-image-35084\" srcset=\"https:\/\/radiostudiow.com.br\/site\/wp-content\/uploads\/2025\/03\/BARAO-NOVO-NOTICIAS-1.jpg 897w, https:\/\/radiostudiow.com.br\/site\/wp-content\/uploads\/2025\/03\/BARAO-NOVO-NOTICIAS-1-300x68.jpg 300w, https:\/\/radiostudiow.com.br\/site\/wp-content\/uploads\/2025\/03\/BARAO-NOVO-NOTICIAS-1-768x175.jpg 768w\" sizes=\"auto, (max-width: 897px) 100vw, 897px\" \/><\/figure>\n\n\n\n<p>Um acidente de tr\u00e2nsito do tipo colis\u00e3o frontal foi registrado no km 315 da BR-153, no munic\u00edpio de Imbituva. A ocorr\u00eancia foi atendida pela Pol\u00edcia Rodovi\u00e1ria Federal por volta das 06 horas da manh\u00e3 deste domingo (1\u00ba).<\/p>\n\n\n\n<p>O acidente envolveu um autom\u00f3vel Volkswagen Gol, de cor cinza, com placas de Imbituva, e um \u00f4nibus de cor prata, emplacado em Castro. Com o impacto, duas pessoas ficaram feridas.<\/p>\n\n\n\n<p>O condutor e o passageiro do Gol, homens de 21 e 24 anos, sofreram ferimentos leves e receberam atendimento m\u00e9dico. J\u00e1 o motorista e o passageiro do \u00f4nibus, de 42 e 65 anos, n\u00e3o se feriram.<br>As causas do acidente n\u00e3o foram divulgadas.<\/p>\n\n\n\n<figure class=\"wp-block-image size-full\"><img loading=\"lazy\" decoding=\"async\" width=\"731\" height=\"204\" src=\"https:\/\/radiostudiow.com.br\/site\/wp-content\/uploads\/2026\/01\/BARROS-2026.png\" alt=\"\" class=\"wp-image-46173\" srcset=\"https:\/\/radiostudiow.com.br\/site\/wp-content\/uploads\/2026\/01\/BARROS-2026.png 731w, https:\/\/radiostudiow.com.br\/site\/wp-content\/uploads\/2026\/01\/BARROS-2026-300x84.png 300w\" sizes=\"auto, (max-width: 731px) 100vw, 731px\" \/><\/figure>\n\n\n\n<figure class=\"wp-block-image size-large\"><img loading=\"lazy\" decoding=\"async\" width=\"1024\" height=\"576\" src=\"https:\/\/radiostudiow.com.br\/site\/wp-content\/uploads\/2026\/03\/WhatsApp-Image-2026-03-02-at-08.30.27-1-1024x576.jpeg\" alt=\"\" class=\"wp-image-47955\" srcset=\"https:\/\/radiostudiow.com.br\/site\/wp-content\/uploads\/2026\/03\/WhatsApp-Image-2026-03-02-at-08.30.27-1-1024x576.jpeg 1024w, https:\/\/radiostudiow.com.br\/site\/wp-content\/uploads\/2026\/03\/WhatsApp-Image-2026-03-02-at-08.30.27-1-300x169.jpeg 300w, https:\/\/radiostudiow.com.br\/site\/wp-content\/uploads\/2026\/03\/WhatsApp-Image-2026-03-02-at-08.30.27-1-768x432.jpeg 768w, https:\/\/radiostudiow.com.br\/site\/wp-content\/uploads\/2026\/03\/WhatsApp-Image-2026-03-02-at-08.30.27-1-1536x864.jpeg 1536w, https:\/\/radiostudiow.com.br\/site\/wp-content\/uploads\/2026\/03\/WhatsApp-Image-2026-03-02-at-08.30.27-1.jpeg 1599w\" sizes=\"auto, (max-width: 1024px) 100vw, 1024px\" \/><\/figure>\n","protected":false},"excerpt":{"rendered":"<p>Um acidente de tr\u00e2nsito do tipo colis\u00e3o frontal foi registrado no km 315 da BR-153, no munic\u00edpio de Imbituva. A ocorr\u00eancia foi atendida pela Pol\u00edcia Rodovi\u00e1ria Federal por volta das 06 horas da manh\u00e3 deste domingo (1\u00ba). O acidente envolveu um autom\u00f3vel Volkswagen Gol, de cor cinza, com placas de Imbituva, e um \u00f4nibus de [&hellip;]<\/p>\n","protected":false},"author":2,"featured_media":47954,"comment_status":"open","ping_status":"open","sticky":false,"template":"","format":"standard","meta":{"footnotes":""},"categories":[2],"tags":[172],"class_list":["post-47953","post","type-post","status-publish","format-standard","has-post-thumbnail","hentry","category-policial","tag-featured"],"amp_enabled":true,"_links":{"self":[{"href":"https:\/\/radiostudiow.com.br\/site\/wp-json\/wp\/v2\/posts\/47953","targetHints":{"allow":["GET"]}}],"collection":[{"href":"https:\/\/radiostudiow.com.br\/site\/wp-json\/wp\/v2\/posts"}],"about":[{"href":"https:\/\/radiostudiow.com.br\/site\/wp-json\/wp\/v2\/types\/post"}],"author":[{"embeddable":true,"href":"https:\/\/radiostudiow.com.br\/site\/wp-json\/wp\/v2\/users\/2"}],"replies":[{"embeddable":true,"href":"https:\/\/radiostudiow.com.br\/site\/wp-json\/wp\/v2\/comments?post=47953"}],"version-history":[{"count":1,"href":"https:\/\/radiostudiow.com.br\/site\/wp-json\/wp\/v2\/posts\/47953\/revisions"}],"predecessor-version":[{"id":47956,"href":"https:\/\/radiostudiow.com.br\/site\/wp-json\/wp\/v2\/posts\/47953\/revisions\/47956"}],"wp:featuredmedia":[{"embeddable":true,"href":"https:\/\/radiostudiow.com.br\/site\/wp-json\/wp\/v2\/media\/47954"}],"wp:attachment":[{"href":"https:\/\/radiostudiow.com.br\/site\/wp-json\/wp\/v2\/media?parent=47953"}],"wp:term":[{"taxonomy":"category","embeddable":true,"href":"https:\/\/radiostudiow.com.br\/site\/wp-json\/wp\/v2\/categories?post=47953"},{"taxonomy":"post_tag","embeddable":true,"href":"https:\/\/radiostudiow.com.br\/site\/wp-json\/wp\/v2\/tags?post=47953"}],"curies":[{"name":"wp","href":"https:\/\/api.w.org\/{rel}","templated":true}]}}